{"id":15866,"date":"2023-01-24T10:54:42","date_gmt":"2023-01-24T10:54:42","guid":{"rendered":"https:\/\/www.urkide.org\/carrera-contra-sanfilippo\/"},"modified":"2023-01-24T10:54:42","modified_gmt":"2023-01-24T10:54:42","slug":"carrera-contra-sanfilippo","status":"publish","type":"post","link":"https:\/\/www.urkide.org\/en\/carrera-contra-sanfilippo\/","title":{"rendered":"Carrera contra Sanfilippo"},"content":{"rendered":"<p><a href=\"http:\/\/www.urkide.org\/wp-content\/uploads\/2014\/06\/II-Carrera-Sanfilippo.jpg\"><img loading=\"lazy\" decoding=\"async\" class=\"alignright size-medium wp-image-602\" style=\"border: 1px solid black; margin-left: 20px;\" alt=\"II-Carrera-Sanfilippo\" src=\"http:\/\/www.urkide.org\/wp-content\/uploads\/2014\/06\/II-Carrera-Sanfilippo-300x174.jpg\" width=\"300\" height=\"174\" \/><\/a>El pr\u00f3ximo 6 de julio a las 10:00 horas se va a celebrar la II Carrera de La Batalla de Vitoria a favor de la lucha contra la enfermedad de Sanfilippo.<\/p>\n<p>El s\u00edndrome de Sanfilippo es un &#8220;Alzheimer infantil&#8221; que se diagnostica a los 4-5 a\u00f1os y que conlleva una degeneraci\u00f3n f\u00edsica y neurol\u00f3gica, hasta ocasionar la muerte en la adolescencia.<\/p>\n<p>Para m\u00e1s informaci\u00f3n sobre esta carrera pod\u00e9is hacer <a href=\"http:\/\/www.runners.es\/noticias\/actualidad\/articulo\/apuntate-a-la-carrera-de-la-batalla-y-colabora-en-la-lucha-contra-la-enfermedad-de-sanfilippo\" target=\"_blank\" rel=\"noopener\">clic aqu\u00ed<\/a>.<\/p>\n<p>&nbsp;<\/p>\n<div class=\"clearfix\"><\/div>","protected":false},"excerpt":{"rendered":"<p>El pr\u00f3ximo 6 de julio a las 10:00 horas se va a celebrar la II Carrera de La Batalla de Vitoria a&#8230;<\/p>\n","protected":false},"author":1,"featured_media":0,"comment_status":"open","ping_status":"open","sticky":false,"template":"","format":"standard","meta":{"footnotes":""},"categories":[],"tags":[],"class_list":["post-15866","post","type-post","status-publish","format-standard","hentry"],"_links":{"self":[{"href":"https:\/\/www.urkide.org\/en\/wp-json\/wp\/v2\/posts\/15866","targetHints":{"allow":["GET"]}}],"collection":[{"href":"https:\/\/www.urkide.org\/en\/wp-json\/wp\/v2\/posts"}],"about":[{"href":"https:\/\/www.urkide.org\/en\/wp-json\/wp\/v2\/types\/post"}],"author":[{"embeddable":true,"href":"https:\/\/www.urkide.org\/en\/wp-json\/wp\/v2\/users\/1"}],"replies":[{"embeddable":true,"href":"https:\/\/www.urkide.org\/en\/wp-json\/wp\/v2\/comments?post=15866"}],"version-history":[{"count":0,"href":"https:\/\/www.urkide.org\/en\/wp-json\/wp\/v2\/posts\/15866\/revisions"}],"wp:attachment":[{"href":"https:\/\/www.urkide.org\/en\/wp-json\/wp\/v2\/media?parent=15866"}],"wp:term":[{"taxonomy":"category","embeddable":true,"href":"https:\/\/www.urkide.org\/en\/wp-json\/wp\/v2\/categories?post=15866"},{"taxonomy":"post_tag","embeddable":true,"href":"https:\/\/www.urkide.org\/en\/wp-json\/wp\/v2\/tags?post=15866"}],"curies":[{"name":"wp","href":"https:\/\/api.w.org\/{rel}","templated":true}]}}