{"id":15876,"date":"2023-01-24T10:54:42","date_gmt":"2023-01-24T10:54:42","guid":{"rendered":"https:\/\/www.urkide.org\/imedu-3-0-primera-plataforma-tecnologica-para-una-educacion-personalizada\/"},"modified":"2023-01-24T10:54:42","modified_gmt":"2023-01-24T10:54:42","slug":"imedu-3-0-primera-plataforma-tecnologica-para-una-educacion-personalizada","status":"publish","type":"post","link":"https:\/\/www.urkide.org\/en\/imedu-3-0-primera-plataforma-tecnologica-para-una-educacion-personalizada\/","title":{"rendered":"IMEDU 3.0,  primera plataforma tecnol\u00f3gica para una educaci\u00f3n personalizada"},"content":{"rendered":"<p>El proyecto de I+D+I, \u201c IMEDU 3.0\u201d, liderado por el colegio Urkide, ha sido presentado hoy, 13 de mayo, oficialmente a los medios.<\/p>\n<p><a href=\"http:\/\/www.urkide.org\/wp-content\/uploads\/2015\/05\/20150514-Rueda-de-prensa1.jpg\"><img loading=\"lazy\" decoding=\"async\" class=\"size-medium wp-image-1520 aligncenter\" src=\"http:\/\/www.urkide.org\/wp-content\/uploads\/2015\/05\/20150514-Rueda-de-prensa1-300x168.jpg\" alt=\"20150514-Rueda de prensa1\" width=\"300\" height=\"168\" \/><\/a><\/p>\n<p>El proyecto, que se viene gestando desde 2013, en consorcio con 5 empresas (Nesplora, Iberm\u00e1tica, Deusto Sistemas, SPC y Grupo Xabide), con el apoyo t\u00e9cnico de Tecnalia y que ha sido apoyado con una peque\u00f1a ayuda del Departamento de Desarrollo Econ\u00f3mico y Competitividad de Gobierno Vasco y las ayudas europeas FEDER, comienza a tener forma.<\/p>\n<p><img loading=\"lazy\" decoding=\"async\" class=\"size-medium wp-image-1524 aligncenter\" src=\"http:\/\/www.urkide.org\/wp-content\/uploads\/2015\/05\/20150514-Rueda-de-prensa3-300x168.jpg\" alt=\"20150514-Rueda de prensa3\" width=\"300\" height=\"168\" \/><\/p>\n<p>IMEDU 3.0 pretende ser una plataforma tecnol\u00f3gica para una educaci\u00f3n personalizada, que trabajar\u00e1 el desarrollo de las inteligencias m\u00faltiples y las competencias de cada alumno\/a y ayudar\u00e1 a mejorar la programaci\u00f3n de aula del profesorado.<\/p>\n<p><img loading=\"lazy\" decoding=\"async\" class=\"size-medium wp-image-1523 aligncenter\" src=\"http:\/\/www.urkide.org\/wp-content\/uploads\/2015\/05\/20150514-Rueda-de-prensa2-300x168.jpg\" alt=\"20150514-Rueda de prensa2\" width=\"300\" height=\"168\" \/><\/p>\n<p>Adjuntamos un v\u00eddeo sobre el proyecto y el <a href=\"http:\/\/www.urkide.org\/wp-content\/uploads\/2015\/05\/DOSSIER-DE-PRENSA.pdf\" target=\"_blank\" rel=\"noopener\">dossier de la rueda de prensa<\/a>, por si quer\u00e9is ampliar la informaci\u00f3n.<\/p>\n<div class=\"embed-responsive embed-responsive-16by9 mb-25\"><iframe loading=\"lazy\" title=\"IMEDU 3.0,  primera plataforma tecnol\u00f3gica para una educaci\u00f3n personalizada\" width=\"1170\" height=\"658\" src=\"https:\/\/www.youtube.com\/embed\/ywSWSAoviGQ?feature=oembed\" frameborder=\"0\" allow=\"accelerometer; autoplay; clipboard-write; encrypted-media; gyroscope; picture-in-picture; web-share\" allowfullscreen><\/iframe><\/div>\n<div class=\"clearfix\"><\/div>","protected":false},"excerpt":{"rendered":"<p>El proyecto de I+D+I, \u201c IMEDU 3.0\u201d, liderado por el colegio Urkide, ha sido presentado hoy, 13 de mayo, oficialmente a los&#8230;<\/p>\n","protected":false},"author":1,"featured_media":0,"comment_status":"open","ping_status":"open","sticky":false,"template":"","format":"standard","meta":{"footnotes":""},"categories":[],"tags":[],"class_list":["post-15876","post","type-post","status-publish","format-standard","hentry"],"_links":{"self":[{"href":"https:\/\/www.urkide.org\/en\/wp-json\/wp\/v2\/posts\/15876","targetHints":{"allow":["GET"]}}],"collection":[{"href":"https:\/\/www.urkide.org\/en\/wp-json\/wp\/v2\/posts"}],"about":[{"href":"https:\/\/www.urkide.org\/en\/wp-json\/wp\/v2\/types\/post"}],"author":[{"embeddable":true,"href":"https:\/\/www.urkide.org\/en\/wp-json\/wp\/v2\/users\/1"}],"replies":[{"embeddable":true,"href":"https:\/\/www.urkide.org\/en\/wp-json\/wp\/v2\/comments?post=15876"}],"version-history":[{"count":0,"href":"https:\/\/www.urkide.org\/en\/wp-json\/wp\/v2\/posts\/15876\/revisions"}],"wp:attachment":[{"href":"https:\/\/www.urkide.org\/en\/wp-json\/wp\/v2\/media?parent=15876"}],"wp:term":[{"taxonomy":"category","embeddable":true,"href":"https:\/\/www.urkide.org\/en\/wp-json\/wp\/v2\/categories?post=15876"},{"taxonomy":"post_tag","embeddable":true,"href":"https:\/\/www.urkide.org\/en\/wp-json\/wp\/v2\/tags?post=15876"}],"curies":[{"name":"wp","href":"https:\/\/api.w.org\/{rel}","templated":true}]}}