{"id":15877,"date":"2023-01-24T10:54:42","date_gmt":"2023-01-24T10:54:42","guid":{"rendered":"https:\/\/www.urkide.org\/cinco-alumnos-de-urkide-participaran-en-el-congreso-investiga-idi-que-se-celebrara-en-madrid\/"},"modified":"2023-01-24T10:54:42","modified_gmt":"2023-01-24T10:54:42","slug":"cinco-alumnos-de-urkide-participaran-en-el-congreso-investiga-idi-que-se-celebrara-en-madrid","status":"publish","type":"post","link":"https:\/\/www.urkide.org\/en\/cinco-alumnos-de-urkide-participaran-en-el-congreso-investiga-idi-que-se-celebrara-en-madrid\/","title":{"rendered":"Cinco alumnos de Urkide participar\u00e1n en el Congreso Investiga I+D+i  que se celebrar\u00e1 en Madrid"},"content":{"rendered":"<p>Cinco alumnos de 4\u00ba de ESO del Colegio han sido seleccionados para participar en el Congreso Investiga I+D+i que se celebrar\u00e1 en Madrid los d\u00edas 22, 23 y 24 de mayo.<br \/>\nDieciocho alumnos comenzaron sus trabajos en noviembre en diferentes \u00e1reas, de Salud, de Biotecnolog\u00eda, de Energ\u00eda, de Nanotecnolog\u00eda o del Espacio.<br \/>\nLos cinco alumnos compartir\u00e1n tareas con alumnos de otros 19 Centros Educativos y sesiones con expertos en los distintos temas.<br \/>\nEn esta edici\u00f3n han participado 1.191 j\u00f3venes procedentes de 90 centros educativos de toda Espa\u00f1a.<br \/>\nLos alumnos seleccionados son los siguientes:<\/p>\n<ul>\n<li>ABIN SARACHO ALVARO ENERG\u00cdA Fusi\u00f3n nuclear.<\/li>\n<li>ALLENDE HERNANDEZ MAIDER ESPACIO B\u00fasqueda de planetas habitables.<\/li>\n<li>CASTRO MARTINEZ DE ZABARTE ADRIAN BIOTECNOLOG\u00cdA Vida sint\u00e9tica.<\/li>\n<li>URCELAY GANZABAL LUCIA NANOTECNOLOG\u00cdA para llevar puesta, cosm\u00e9tica, implantes,&#8230;<\/li>\n<li>YELA VALENCIA MAITANE SALUD Resistencia a los antibi\u00f3ticos.<\/li>\n<\/ul>\n<p>Enhorabuena a todos!<\/p>\n<p><a href=\"http:\/\/www.urkide.org\/wp-content\/uploads\/2015\/05\/20150515-Investiga-IDI.jpg\"><img loading=\"lazy\" decoding=\"async\" class=\"size-medium wp-image-1533 aligncenter\" src=\"http:\/\/www.urkide.org\/wp-content\/uploads\/2015\/05\/20150515-Investiga-IDI-300x180.jpg\" alt=\"20150515-Investiga-IDI\" width=\"300\" height=\"180\" \/><\/a><\/p>\n<div class=\"clearfix\"><\/div>","protected":false},"excerpt":{"rendered":"<p>Cinco alumnos de 4\u00ba de ESO del Colegio han sido seleccionados para participar en el Congreso Investiga I+D+i que se celebrar\u00e1 en&#8230;<\/p>\n","protected":false},"author":1,"featured_media":0,"comment_status":"open","ping_status":"open","sticky":false,"template":"","format":"standard","meta":{"footnotes":""},"categories":[],"tags":[],"class_list":["post-15877","post","type-post","status-publish","format-standard","hentry"],"_links":{"self":[{"href":"https:\/\/www.urkide.org\/en\/wp-json\/wp\/v2\/posts\/15877","targetHints":{"allow":["GET"]}}],"collection":[{"href":"https:\/\/www.urkide.org\/en\/wp-json\/wp\/v2\/posts"}],"about":[{"href":"https:\/\/www.urkide.org\/en\/wp-json\/wp\/v2\/types\/post"}],"author":[{"embeddable":true,"href":"https:\/\/www.urkide.org\/en\/wp-json\/wp\/v2\/users\/1"}],"replies":[{"embeddable":true,"href":"https:\/\/www.urkide.org\/en\/wp-json\/wp\/v2\/comments?post=15877"}],"version-history":[{"count":0,"href":"https:\/\/www.urkide.org\/en\/wp-json\/wp\/v2\/posts\/15877\/revisions"}],"wp:attachment":[{"href":"https:\/\/www.urkide.org\/en\/wp-json\/wp\/v2\/media?parent=15877"}],"wp:term":[{"taxonomy":"category","embeddable":true,"href":"https:\/\/www.urkide.org\/en\/wp-json\/wp\/v2\/categories?post=15877"},{"taxonomy":"post_tag","embeddable":true,"href":"https:\/\/www.urkide.org\/en\/wp-json\/wp\/v2\/tags?post=15877"}],"curies":[{"name":"wp","href":"https:\/\/api.w.org\/{rel}","templated":true}]}}