{"id":15881,"date":"2023-01-24T10:55:09","date_gmt":"2023-01-24T10:55:09","guid":{"rendered":"https:\/\/www.urkide.org\/proyecto-de-prevencion-de-riesgos-en-uso-de-redes-sociales\/"},"modified":"2023-01-24T10:55:09","modified_gmt":"2023-01-24T10:55:09","slug":"proyecto-de-prevencion-de-riesgos-en-uso-de-redes-sociales","status":"publish","type":"post","link":"https:\/\/www.urkide.org\/en\/proyecto-de-prevencion-de-riesgos-en-uso-de-redes-sociales\/","title":{"rendered":"PROYECTO DE PREVENCI\u00d3N DE RIESGOS EN USO DE REDES SOCIALES"},"content":{"rendered":"<p lang=\"zxx\" align=\"justify\">Nos toca y nos obliga a educadores y a padres controlar a los ni\u00f1os para que aprendan a hacer un buen uso de internet. Estamos en una era maravillosa en este sentido pero que tambi\u00e9n tiene sus peligros o riesgos. Dentro de nuestro Plan de Convivencia hemos realizado un trabajo en las tutor\u00edas con los alumnos de 5\u00ba, 6\u00ba y 1\u00ba ESO a lo largo de este curso para que pudieran ir conociendo los riesgos en las comunicaciones a trav\u00e9s de internet.<\/p>\n<p lang=\"zxx\" align=\"justify\">Lo novedoso del tema es que han sido alumnos mayores los que han compartido en las distintas aulas experiencias y les han dado consejos y pautas a los ni\u00f1os mediante un formato de participaci\u00f3n activa.<\/p>\n<p lang=\"zxx\" align=\"justify\"><a href=\"http:\/\/www.urkide.org\/wp-content\/uploads\/2015\/05\/20150528-Riesgos-Redes-Sociales.jpg\"><img loading=\"lazy\" decoding=\"async\" class=\"size-medium wp-image-1565 aligncenter\" src=\"http:\/\/www.urkide.org\/wp-content\/uploads\/2015\/05\/20150528-Riesgos-Redes-Sociales-300x168.jpg\" alt=\"20150528 - Riesgos Redes Sociales\" width=\"300\" height=\"168\" \/><\/a><\/p>\n<p lang=\"zxx\" align=\"justify\">La valoraci\u00f3n no ha podido ser mejor: escuchan much\u00edsimo m\u00e1s a los &#8220;chicos mayores&#8221; y en todas las aulas la participaci\u00f3n ha sido m\u00e1s que positiva. De esta forma los equipos de convivencia o delegados de 3\u00ba de ESO realizaron la tutor\u00eda en las clases de 1\u00ba ESO y los de 4\u00ba ESO con los de 5\u00ba y 6\u00ba. Previamente a estos alumnos que llevaban la tutor\u00eda ya se la hab\u00eda preparado desde cursos anteriores guiados por el Departamento de Orientaci\u00f3n.<\/p>\n<p lang=\"zxx\" align=\"justify\">Es obligado que les acompa\u00f1emos en este uso de las redes y las comunicaciones virtuales ya que es una dimensi\u00f3n de vida muy real en la actualidad y en la que les tenemos que educar igual que en el resto de los \u00e1mbitos.<\/p>\n<div class=\"clearfix\"><\/div>","protected":false},"excerpt":{"rendered":"<p>Nos toca y nos obliga a educadores y a padres controlar a los ni\u00f1os para que aprendan a hacer un buen uso&#8230;<\/p>\n","protected":false},"author":1,"featured_media":0,"comment_status":"open","ping_status":"open","sticky":false,"template":"","format":"standard","meta":{"footnotes":""},"categories":[],"tags":[],"class_list":["post-15881","post","type-post","status-publish","format-standard","hentry"],"_links":{"self":[{"href":"https:\/\/www.urkide.org\/en\/wp-json\/wp\/v2\/posts\/15881","targetHints":{"allow":["GET"]}}],"collection":[{"href":"https:\/\/www.urkide.org\/en\/wp-json\/wp\/v2\/posts"}],"about":[{"href":"https:\/\/www.urkide.org\/en\/wp-json\/wp\/v2\/types\/post"}],"author":[{"embeddable":true,"href":"https:\/\/www.urkide.org\/en\/wp-json\/wp\/v2\/users\/1"}],"replies":[{"embeddable":true,"href":"https:\/\/www.urkide.org\/en\/wp-json\/wp\/v2\/comments?post=15881"}],"version-history":[{"count":0,"href":"https:\/\/www.urkide.org\/en\/wp-json\/wp\/v2\/posts\/15881\/revisions"}],"wp:attachment":[{"href":"https:\/\/www.urkide.org\/en\/wp-json\/wp\/v2\/media?parent=15881"}],"wp:term":[{"taxonomy":"category","embeddable":true,"href":"https:\/\/www.urkide.org\/en\/wp-json\/wp\/v2\/categories?post=15881"},{"taxonomy":"post_tag","embeddable":true,"href":"https:\/\/www.urkide.org\/en\/wp-json\/wp\/v2\/tags?post=15881"}],"curies":[{"name":"wp","href":"https:\/\/api.w.org\/{rel}","templated":true}]}}