{"id":15882,"date":"2023-01-24T10:55:09","date_gmt":"2023-01-24T10:55:09","guid":{"rendered":"https:\/\/www.urkide.org\/abrete-urkide-gure-artean-capitan-trueno\/"},"modified":"2023-01-24T10:55:09","modified_gmt":"2023-01-24T10:55:09","slug":"abrete-urkide-gure-artean-capitan-trueno","status":"publish","type":"post","link":"https:\/\/www.urkide.org\/en\/abrete-urkide-gure-artean-capitan-trueno\/","title":{"rendered":"\u00c1BRETE URKIDE GURE ARTEAN: CAPIT\u00c1N TRUENO"},"content":{"rendered":"<div dir=\"ltr\">\n<p lang=\"es-ES\" align=\"justify\"><span style=\"font-family: Arial, sans-serif;\">El proyecto <\/span><span style=\"font-family: Arial, sans-serif;\"><b>\u00c1BRETE URKIDE gure ARTEan <\/b><\/span><span style=\"font-family: Arial, sans-serif;\">continua <\/span><span style=\"font-family: Arial, sans-serif;\">para dar la oportunidad a toda la comunidad educativa de compartir talentos e inquietudes y de esta forma enriquecernos todos\/as.<\/span><\/p>\n<p lang=\"es-ES\" align=\"justify\"><span style=\"font-family: Arial, sans-serif;\">En esta ocasi\u00f3n vamos a realizar <\/span><span style=\"line-height: 115%; text-indent: 1.27cm; font-family: Arial, sans-serif;\"><b>\u201cUNA EXPOSICI\u00d3N MUSICAL\u201d donde podremos visionar una exposici\u00f3n sobre el Capit\u00e1n Trueno en el arte y en Vitoria-Gasteiz realizada por Jos\u00e9 Angel P\u00e9rez, profesor y padre del colegio y gran estudioso de este personaje, mientras escuchamos una selecci\u00f3n de obras musicales interpretadas por <\/b><\/span><span style=\"line-height: 115%; text-indent: 1.27cm; font-family: Arial, sans-serif;\"><b>Elisa Indurain, Nestor Goenaga y Aiala Vesga, <\/b><\/span><span style=\"line-height: 115%; text-indent: 1.27cm; font-family: Arial, sans-serif;\"><b>alumnos\/as del colegio.<\/b><\/span><\/p>\n<p lang=\"es-ES\" align=\"justify\"><span style=\"font-family: Arial, sans-serif;\">Se realizar\u00e1 este pr\u00f3ximo <\/span><span style=\"font-family: Arial, sans-serif;\"><b>jueves 4 de junio, a las 19 horas en el SUM del colegio y tendr\u00e1 una duraci\u00f3n de unos 45 minutos aproximadamente.<\/b><\/span><\/p>\n<p lang=\"es-ES\" align=\"justify\"><span style=\"font-family: Arial, sans-serif;\"><b>Posteriormente esta exposici\u00f3n se abrir\u00e1 desde el lunes 9 hasta el jueves 11 de junio en horario de 17 a 19 horas.<\/b><\/span><\/p>\n<p lang=\"es-ES\" align=\"justify\"><span style=\"font-family: Arial,sans-serif; line-height: 115%; text-indent: 1.27cm;\">Ser\u00e1 una actividad conjunta para familias y alumnado, una actividad diferente que tiene entre sus objetivos:<\/span><\/p>\n<ul>\n<li lang=\"es-ES\"><span style=\"font-family: Arial, sans-serif;\">Despertar la creatividad que todos\/as tenemos y que, en muchas ocasiones, est\u00e1 demasiado \u201cdormida\u201d.<\/span><\/li>\n<li lang=\"es-ES\"><span style=\"font-family: Arial, sans-serif;\">Mostrar experiencias diversas, experiencias que se desarrollan desde cualquier \u00e1mbito, experiencias que pueden activar nuestra inquietud por hacer cosas diferentes.<\/span><\/li>\n<li lang=\"es-ES\"><span style=\"font-family: Arial, sans-serif;\">Demostrar que, colaborando entre disciplinas art\u00edsticas se pueden dise\u00f1ar sesiones originales y atractivas.<\/span><\/li>\n<\/ul>\n<p lang=\"es-ES\" align=\"left\"><a href=\"http:\/\/www.urkide.org\/wp-content\/uploads\/2015\/06\/Capitan-Trueno-Vitoria.jpg\"><img loading=\"lazy\" decoding=\"async\" class=\"size-medium wp-image-1572 aligncenter\" src=\"http:\/\/www.urkide.org\/wp-content\/uploads\/2015\/06\/Capitan-Trueno-Vitoria-300x200.jpg\" alt=\"Capitan Trueno - Vitoria\" width=\"300\" height=\"200\" \/><\/a><\/p>\n<p lang=\"es-ES\" align=\"left\"><span style=\"line-height: 100%; font-family: Arial, sans-serif;\">Todas las personas interesadas en acudir deb\u00e9is mandar un correo a <\/span><span style=\"line-height: 100%; color: #0000ff;\"><span style=\"text-decoration: underline;\"><a title=\"blocked::mailto:felix@urkide.org\" href=\"mailto:felix@urkide.org\" target=\"_blank\" rel=\"noopener\"><span style=\"font-family: Arial, sans-serif;\" title=\"blocked::mailto:felix@urkide.org\">felix@urkide.org<\/span><\/a><\/span><\/span><span style=\"line-height: 100%; font-family: Arial, sans-serif;\">, indicando el n\u00famero de participantes.<\/span><\/p>\n<p lang=\"es-ES\" align=\"justify\"><span style=\"font-family: Arial, sans-serif;\">Aprovechamos la ocasi\u00f3n para volveros a animar a participar en esta iniciativa de <\/span><span style=\"font-family: Arial, sans-serif;\"><b>\u00c1BRETE URKIDE gure ARTEan <\/b><\/span><span style=\"line-height: 115%; font-family: Arial, sans-serif;\">con cualquier propuesta original, creativa, interesante, \u2026. Somos una gran Comunidad Educativa y entre todos seguro que conseguimos abrir las ventanas por las que nuestros hijos\/as y nosotros mismos miramos el mundo.<\/span><\/p>\n<p lang=\"es-ES\" align=\"justify\"><span style=\"font-family: Arial, sans-serif;\">Pod\u00e9is mandarnos vuestras propuestas a los siguientes correos: <\/span><span style=\"line-height: 115%; color: #0000ff;\"><span style=\"font-family: Arial, sans-serif;\"><span style=\"text-decoration: underline;\"><a title=\"blocked::mailto:felix@urkide.org\" href=\"mailto:felix@urkide.org\" target=\"_blank\" rel=\"noopener\">felix@urkide.org<\/a><\/span><\/span><\/span><span style=\"line-height: 115%; font-family: Arial, sans-serif;\"> o <\/span><span style=\"line-height: 115%; color: #0000ff;\"><span style=\"text-decoration: underline;\"><a title=\"blocked::mailto:abolois@urkide.org\" href=\"mailto:abolois@urkide.org\" target=\"_blank\" rel=\"noopener\"><span style=\"color: #1155cc;\" title=\"blocked::mailto:abolois@urkide.org\"><span style=\"font-family: Arial, sans-serif;\" title=\"blocked::mailto:abolois@urkide.org\">abolois@urkide.org<\/span><\/span><\/a><\/span><\/span><span style=\"line-height: 115%; font-family: Arial, sans-serif;\"> . En esos mismos correos recibiremos las dudas o sugerencias que quer\u00e1is realizarnos.<\/span><\/p>\n<p lang=\"es-ES\" align=\"center\"><span style=\"color: #0000ff;\"><span style=\"text-decoration: underline;\"><span style=\"color: #000000;\"><span style=\"font-family: Arial, sans-serif;\"><b>\u00a1\u00a1\u00a1\u00c1NIMO!!!<\/b><\/span><\/span><\/span><\/span><\/p>\n<\/div>\n<div class=\"clearfix\"><\/div>","protected":false},"excerpt":{"rendered":"<p>El proyecto \u00c1BRETE URKIDE gure ARTEan continua para dar la oportunidad a toda la comunidad educativa de compartir talentos e inquietudes y&#8230;<\/p>\n","protected":false},"author":1,"featured_media":0,"comment_status":"open","ping_status":"open","sticky":false,"template":"","format":"standard","meta":{"footnotes":""},"categories":[],"tags":[],"class_list":["post-15882","post","type-post","status-publish","format-standard","hentry"],"_links":{"self":[{"href":"https:\/\/www.urkide.org\/en\/wp-json\/wp\/v2\/posts\/15882","targetHints":{"allow":["GET"]}}],"collection":[{"href":"https:\/\/www.urkide.org\/en\/wp-json\/wp\/v2\/posts"}],"about":[{"href":"https:\/\/www.urkide.org\/en\/wp-json\/wp\/v2\/types\/post"}],"author":[{"embeddable":true,"href":"https:\/\/www.urkide.org\/en\/wp-json\/wp\/v2\/users\/1"}],"replies":[{"embeddable":true,"href":"https:\/\/www.urkide.org\/en\/wp-json\/wp\/v2\/comments?post=15882"}],"version-history":[{"count":0,"href":"https:\/\/www.urkide.org\/en\/wp-json\/wp\/v2\/posts\/15882\/revisions"}],"wp:attachment":[{"href":"https:\/\/www.urkide.org\/en\/wp-json\/wp\/v2\/media?parent=15882"}],"wp:term":[{"taxonomy":"category","embeddable":true,"href":"https:\/\/www.urkide.org\/en\/wp-json\/wp\/v2\/categories?post=15882"},{"taxonomy":"post_tag","embeddable":true,"href":"https:\/\/www.urkide.org\/en\/wp-json\/wp\/v2\/tags?post=15882"}],"curies":[{"name":"wp","href":"https:\/\/api.w.org\/{rel}","templated":true}]}}