{"id":15883,"date":"2023-01-24T10:55:09","date_gmt":"2023-01-24T10:55:09","guid":{"rendered":"https:\/\/www.urkide.org\/visita-al-museo-de-arqueologia\/"},"modified":"2023-01-24T10:55:09","modified_gmt":"2023-01-24T10:55:09","slug":"visita-al-museo-de-arqueologia","status":"publish","type":"post","link":"https:\/\/www.urkide.org\/en\/visita-al-museo-de-arqueologia\/","title":{"rendered":"Visita al Museo de Arqueolog\u00eda"},"content":{"rendered":"<div dir=\"ltr\">\n<div><a href=\"http:\/\/www.urkide.org\/wp-content\/uploads\/2015\/06\/20150602-Visita-Arqueolog\u00eda-1.jpg\"><img loading=\"lazy\" decoding=\"async\" class=\"wp-image-1586 size-medium aligncenter\" src=\"http:\/\/www.urkide.org\/wp-content\/uploads\/2015\/06\/20150602-Visita-Arqueolog\u00eda-1-e1433258052283-168x300.jpg\" alt=\"20150602-Visita-Arqueolog\u00eda-1\" width=\"168\" height=\"300\" \/><\/a><\/div>\n<div>El 27 \u00a0de mayo de 2015 los ni\u00f1os y \u00a0ni\u00f1as de 4\u00baC fuimos al museo de Arqueolog\u00eda de Vitoria, en el Casco Viejo. En el museo visitamos las tres plantas que contienen restos desde la edad prehist\u00f3rica hasta la \u00e9poca medieval encontrados en \u00c1lava. En las tres plantas nos sacamos muchas fotos de todo lo que vimos. \u00a1Nos lo pasamos genial!<\/div>\n<div><img loading=\"lazy\" decoding=\"async\" class=\"wp-image-1588 size-medium aligncenter\" src=\"http:\/\/www.urkide.org\/wp-content\/uploads\/2015\/06\/20150602-Visita-Arqueolog\u00eda-3-e1433258082781-168x300.jpg\" alt=\"20150602-Visita-Arqueolog\u00eda-3\" width=\"168\" height=\"300\" \/><\/div>\n<div>Irati Quintana y Cristina Gil<\/div>\n<div><\/div>\n<div><img loading=\"lazy\" decoding=\"async\" class=\"aligncenter wp-image-1587 size-medium\" src=\"http:\/\/www.urkide.org\/wp-content\/uploads\/2015\/06\/20150602-Visita-Arqueolog\u00eda-2-e1433258068228-168x300.jpg\" alt=\"20150602-Visita-Arqueolog\u00eda-2\" width=\"168\" height=\"300\" \/><\/div>\n<\/div>\n<div class=\"clearfix\"><\/div>","protected":false},"excerpt":{"rendered":"<p>El 27 \u00a0de mayo de 2015 los ni\u00f1os y \u00a0ni\u00f1as de 4\u00baC fuimos al museo de Arqueolog\u00eda de Vitoria, en el Casco&#8230;<\/p>\n","protected":false},"author":1,"featured_media":0,"comment_status":"open","ping_status":"open","sticky":false,"template":"","format":"standard","meta":{"footnotes":""},"categories":[],"tags":[],"class_list":["post-15883","post","type-post","status-publish","format-standard","hentry"],"_links":{"self":[{"href":"https:\/\/www.urkide.org\/en\/wp-json\/wp\/v2\/posts\/15883","targetHints":{"allow":["GET"]}}],"collection":[{"href":"https:\/\/www.urkide.org\/en\/wp-json\/wp\/v2\/posts"}],"about":[{"href":"https:\/\/www.urkide.org\/en\/wp-json\/wp\/v2\/types\/post"}],"author":[{"embeddable":true,"href":"https:\/\/www.urkide.org\/en\/wp-json\/wp\/v2\/users\/1"}],"replies":[{"embeddable":true,"href":"https:\/\/www.urkide.org\/en\/wp-json\/wp\/v2\/comments?post=15883"}],"version-history":[{"count":0,"href":"https:\/\/www.urkide.org\/en\/wp-json\/wp\/v2\/posts\/15883\/revisions"}],"wp:attachment":[{"href":"https:\/\/www.urkide.org\/en\/wp-json\/wp\/v2\/media?parent=15883"}],"wp:term":[{"taxonomy":"category","embeddable":true,"href":"https:\/\/www.urkide.org\/en\/wp-json\/wp\/v2\/categories?post=15883"},{"taxonomy":"post_tag","embeddable":true,"href":"https:\/\/www.urkide.org\/en\/wp-json\/wp\/v2\/tags?post=15883"}],"curies":[{"name":"wp","href":"https:\/\/api.w.org\/{rel}","templated":true}]}}