{"id":15885,"date":"2023-01-24T10:55:09","date_gmt":"2023-01-24T10:55:09","guid":{"rendered":"https:\/\/www.urkide.org\/congreso-investiga-idi-en-madrid\/"},"modified":"2023-01-24T10:55:09","modified_gmt":"2023-01-24T10:55:09","slug":"congreso-investiga-idi-en-madrid","status":"publish","type":"post","link":"https:\/\/www.urkide.org\/en\/congreso-investiga-idi-en-madrid\/","title":{"rendered":"Congreso Investiga I+D+i en Madrid"},"content":{"rendered":"<p>Los cinco\u00a0alumnos de 4\u00ba de ESO seleccionados por la Fundaci\u00f3n San Patricio para participar en el VI Congreso Investiga I+D+i desarrollaron una extensa agenda de trabajo durante los tres d\u00edas que dur\u00f3 el evento.<\/p>\n<p style=\"text-align: center;\"><a href=\"http:\/\/www.urkide.org\/wp-content\/uploads\/2015\/06\/20150603-Noticia-Andoni-Foto-1.jpg\"><img loading=\"lazy\" decoding=\"async\" class=\"size-medium wp-image-1605\" src=\"http:\/\/www.urkide.org\/wp-content\/uploads\/2015\/06\/20150603-Noticia-Andoni-Foto-1-300x202.jpg\" alt=\"20150603-Noticia-Andoni-Foto-1\" width=\"300\" height=\"202\" \/><\/a><\/p>\n<p style=\"text-align: left;\">Adem\u00e1s de trabajar en sus correspondientes \u00e1reas de investigaci\u00f3n junto con alumnos de otros 19 colegios han sido asesorados por expertos del Centro Superior de Investigaciones Cient\u00edficas (CSIC).<\/p>\n<p><a href=\"http:\/\/www.urkide.org\/wp-content\/uploads\/2015\/06\/20150603-Noticia-Andoni-Foto-3.jpg\"><img loading=\"lazy\" decoding=\"async\" class=\"size-medium wp-image-1602 aligncenter\" src=\"http:\/\/www.urkide.org\/wp-content\/uploads\/2015\/06\/20150603-Noticia-Andoni-Foto-3-300x199.jpg\" alt=\"20150603-Noticia-Andoni-Foto-3\" width=\"300\" height=\"199\" \/><\/a><\/p>\n<p>Tambi\u00e9n han participado en\u00a0conferencias sobre la vida del Sol y su incidencia en la Tierra o\u00a0sobre la recogida de\u00a0informaci\u00f3n del espacio en los centros especializados,\u00a0realizando una conexi\u00f3n en directo con la\u00a0antena parab\u00f3lica de Robledo de Chavela de 70 metros de di\u00e1metro.<\/p>\n<p><a href=\"http:\/\/www.urkide.org\/wp-content\/uploads\/2015\/06\/20150603-Antena-Robledo-de-Chavela.jpg\"><img loading=\"lazy\" decoding=\"async\" class=\"size-medium wp-image-1600 aligncenter\" src=\"http:\/\/www.urkide.org\/wp-content\/uploads\/2015\/06\/20150603-Antena-Robledo-de-Chavela-300x199.jpg\" alt=\"20150603-Antena-Robledo-de-Chavela\" width=\"300\" height=\"199\" \/><\/a><\/p>\n<p>Los alumnos participantes han sido:<\/p>\n<ul style=\"list-style-type: circle;\">\n<li>ABIN SARACHO ALVARO ENERG\u00cdA Fusi\u00f3n nuclear.<\/li>\n<li>ALLENDE HERNANDEZ MAIDER ESPACIO B\u00fasqueda de planetas habitables.<\/li>\n<li>CASTRO MARTINEZ DE ZABARTE ADRIAN BIOTECNOLOG\u00cdA Vida sint\u00e9tica.<\/li>\n<li>URCELAY GANZABAL LUCIA NANOTECNOLOG\u00cdA para llevar puesta, cosm\u00e9tica, implantes,&#8230;<\/li>\n<li>YELA VALENCIA MAITANE SALUD Resistencia a los antibi\u00f3ticos.<\/li>\n<\/ul>\n<p><img loading=\"lazy\" decoding=\"async\" class=\"size-medium wp-image-1601 aligncenter\" src=\"http:\/\/www.urkide.org\/wp-content\/uploads\/2015\/06\/20150603-Noticia-Andoni-Foto-2-300x200.jpg\" alt=\"20150603-Noticia-Andoni-Foto-2\" width=\"300\" height=\"200\" \/><\/p>\n<p>En definitiva, una experiencia para no olvidar.<\/p>\n<div class=\"clearfix\"><\/div>","protected":false},"excerpt":{"rendered":"<p>Los cinco\u00a0alumnos de 4\u00ba de ESO seleccionados por la Fundaci\u00f3n San Patricio para participar en el VI Congreso Investiga I+D+i desarrollaron una&#8230;<\/p>\n","protected":false},"author":1,"featured_media":0,"comment_status":"open","ping_status":"open","sticky":false,"template":"","format":"standard","meta":{"footnotes":""},"categories":[],"tags":[],"class_list":["post-15885","post","type-post","status-publish","format-standard","hentry"],"_links":{"self":[{"href":"https:\/\/www.urkide.org\/en\/wp-json\/wp\/v2\/posts\/15885","targetHints":{"allow":["GET"]}}],"collection":[{"href":"https:\/\/www.urkide.org\/en\/wp-json\/wp\/v2\/posts"}],"about":[{"href":"https:\/\/www.urkide.org\/en\/wp-json\/wp\/v2\/types\/post"}],"author":[{"embeddable":true,"href":"https:\/\/www.urkide.org\/en\/wp-json\/wp\/v2\/users\/1"}],"replies":[{"embeddable":true,"href":"https:\/\/www.urkide.org\/en\/wp-json\/wp\/v2\/comments?post=15885"}],"version-history":[{"count":0,"href":"https:\/\/www.urkide.org\/en\/wp-json\/wp\/v2\/posts\/15885\/revisions"}],"wp:attachment":[{"href":"https:\/\/www.urkide.org\/en\/wp-json\/wp\/v2\/media?parent=15885"}],"wp:term":[{"taxonomy":"category","embeddable":true,"href":"https:\/\/www.urkide.org\/en\/wp-json\/wp\/v2\/categories?post=15885"},{"taxonomy":"post_tag","embeddable":true,"href":"https:\/\/www.urkide.org\/en\/wp-json\/wp\/v2\/tags?post=15885"}],"curies":[{"name":"wp","href":"https:\/\/api.w.org\/{rel}","templated":true}]}}