{"id":15886,"date":"2023-01-24T10:55:09","date_gmt":"2023-01-24T10:55:09","guid":{"rendered":"https:\/\/www.urkide.org\/agenda-21-escolar-foro-del-ayuntamiento\/"},"modified":"2023-01-24T10:55:09","modified_gmt":"2023-01-24T10:55:09","slug":"agenda-21-escolar-foro-del-ayuntamiento","status":"publish","type":"post","link":"https:\/\/www.urkide.org\/en\/agenda-21-escolar-foro-del-ayuntamiento\/","title":{"rendered":"AGENDA 21 ESCOLAR \/ FORO DEL AYUNTAMIENTO"},"content":{"rendered":"<div dir=\"ltr\">\n<div>El pasado 1 de Junio, los alumnos\/as del Colegio Urkide participamos en el foro del Ayuntamiento. Alli pudimos presentar nuestras sugerencias y compromisos al alcalde. As\u00ed mismo, el alcalde respondi\u00f3 a todas las preguntas que los all\u00ed presentes realizaron. Cabe se\u00f1alar los datos aportados por Javier Maroto en cuanto a la movilidad sostenible. E n\u00famero de usuarios de la bici se ha multiplicado por cuatro desde el 2006. Un 12% de los vitorianos\/as utiliza la bici para ir a trabajar y al colegio.<\/div>\n<div><\/div>\n<div><a href=\"http:\/\/www.urkide.org\/wp-content\/uploads\/2015\/06\/20150604-Foro-Agenda-21.jpg\"><img loading=\"lazy\" decoding=\"async\" class=\"size-full wp-image-1610 aligncenter\" src=\"http:\/\/www.urkide.org\/wp-content\/uploads\/2015\/06\/20150604-Foro-Agenda-21.jpg\" alt=\"20150604-Foro-Agenda-21\" width=\"300\" height=\"225\" \/><\/a><\/div>\n<\/div>\n<div class=\"clearfix\"><\/div>","protected":false},"excerpt":{"rendered":"<p>El pasado 1 de Junio, los alumnos\/as del Colegio Urkide participamos en el foro del Ayuntamiento. Alli pudimos presentar nuestras sugerencias y&#8230;<\/p>\n","protected":false},"author":1,"featured_media":0,"comment_status":"open","ping_status":"open","sticky":false,"template":"","format":"standard","meta":{"footnotes":""},"categories":[],"tags":[],"class_list":["post-15886","post","type-post","status-publish","format-standard","hentry"],"_links":{"self":[{"href":"https:\/\/www.urkide.org\/en\/wp-json\/wp\/v2\/posts\/15886","targetHints":{"allow":["GET"]}}],"collection":[{"href":"https:\/\/www.urkide.org\/en\/wp-json\/wp\/v2\/posts"}],"about":[{"href":"https:\/\/www.urkide.org\/en\/wp-json\/wp\/v2\/types\/post"}],"author":[{"embeddable":true,"href":"https:\/\/www.urkide.org\/en\/wp-json\/wp\/v2\/users\/1"}],"replies":[{"embeddable":true,"href":"https:\/\/www.urkide.org\/en\/wp-json\/wp\/v2\/comments?post=15886"}],"version-history":[{"count":0,"href":"https:\/\/www.urkide.org\/en\/wp-json\/wp\/v2\/posts\/15886\/revisions"}],"wp:attachment":[{"href":"https:\/\/www.urkide.org\/en\/wp-json\/wp\/v2\/media?parent=15886"}],"wp:term":[{"taxonomy":"category","embeddable":true,"href":"https:\/\/www.urkide.org\/en\/wp-json\/wp\/v2\/categories?post=15886"},{"taxonomy":"post_tag","embeddable":true,"href":"https:\/\/www.urkide.org\/en\/wp-json\/wp\/v2\/tags?post=15886"}],"curies":[{"name":"wp","href":"https:\/\/api.w.org\/{rel}","templated":true}]}}