{"id":15887,"date":"2023-01-24T10:55:09","date_gmt":"2023-01-24T10:55:09","guid":{"rendered":"https:\/\/www.urkide.org\/observacion-nocturna-urkide-estelar\/"},"modified":"2023-01-24T10:55:09","modified_gmt":"2023-01-24T10:55:09","slug":"observacion-nocturna-urkide-estelar","status":"publish","type":"post","link":"https:\/\/www.urkide.org\/en\/observacion-nocturna-urkide-estelar\/","title":{"rendered":"OBSERVACI\u00d3N NOCTURNA\/ URKIDE ESTELAR"},"content":{"rendered":"<p>Este pasado viernes 29 de mayo se celebr\u00f3 la observaci\u00f3n astron\u00f3mica con telescopios en la azotea del colegio dentro del proyecto Urkide Estelar.<\/p>\n<p>La actividad la acompa\u00f1amos con chocolate caliente y m\u00fasica que interpretaron nuestros alumnos\/as de 4\u00ba Primaria.<\/p>\n<p><strong>Fue una noche excepcional donde el cielo despejado nos permiti\u00f3 ver algunos de los planetas de nuestro Sistema Solar y la magn\u00edfica luna del cielo de Vitoria-Gasteiz.&#8221;<\/strong><\/p>\n<p><a href=\"http:\/\/www.urkide.org\/wp-content\/uploads\/2015\/06\/20150604-Nocturna.jpg\"><img loading=\"lazy\" decoding=\"async\" class=\"size-medium wp-image-1615 aligncenter\" src=\"http:\/\/www.urkide.org\/wp-content\/uploads\/2015\/06\/20150604-Nocturna-168x300.jpg\" alt=\"20150604-Nocturna\" width=\"168\" height=\"300\" \/><\/a><\/p>\n<div class=\"clearfix\"><\/div>","protected":false},"excerpt":{"rendered":"<p>Este pasado viernes 29 de mayo se celebr\u00f3 la observaci\u00f3n astron\u00f3mica con telescopios en la azotea del colegio dentro del proyecto Urkide&#8230;<\/p>\n","protected":false},"author":1,"featured_media":0,"comment_status":"open","ping_status":"open","sticky":false,"template":"","format":"standard","meta":{"footnotes":""},"categories":[],"tags":[],"class_list":["post-15887","post","type-post","status-publish","format-standard","hentry"],"_links":{"self":[{"href":"https:\/\/www.urkide.org\/en\/wp-json\/wp\/v2\/posts\/15887","targetHints":{"allow":["GET"]}}],"collection":[{"href":"https:\/\/www.urkide.org\/en\/wp-json\/wp\/v2\/posts"}],"about":[{"href":"https:\/\/www.urkide.org\/en\/wp-json\/wp\/v2\/types\/post"}],"author":[{"embeddable":true,"href":"https:\/\/www.urkide.org\/en\/wp-json\/wp\/v2\/users\/1"}],"replies":[{"embeddable":true,"href":"https:\/\/www.urkide.org\/en\/wp-json\/wp\/v2\/comments?post=15887"}],"version-history":[{"count":0,"href":"https:\/\/www.urkide.org\/en\/wp-json\/wp\/v2\/posts\/15887\/revisions"}],"wp:attachment":[{"href":"https:\/\/www.urkide.org\/en\/wp-json\/wp\/v2\/media?parent=15887"}],"wp:term":[{"taxonomy":"category","embeddable":true,"href":"https:\/\/www.urkide.org\/en\/wp-json\/wp\/v2\/categories?post=15887"},{"taxonomy":"post_tag","embeddable":true,"href":"https:\/\/www.urkide.org\/en\/wp-json\/wp\/v2\/tags?post=15887"}],"curies":[{"name":"wp","href":"https:\/\/api.w.org\/{rel}","templated":true}]}}