{"id":15900,"date":"2023-01-24T10:55:13","date_gmt":"2023-01-24T10:55:13","guid":{"rendered":"https:\/\/www.urkide.org\/programa-de-ejercicio-fisico-adaptado-para-personas-con-patologias-cronicas\/"},"modified":"2023-01-24T10:55:13","modified_gmt":"2023-01-24T10:55:13","slug":"programa-de-ejercicio-fisico-adaptado-para-personas-con-patologias-cronicas","status":"publish","type":"post","link":"https:\/\/www.urkide.org\/en\/programa-de-ejercicio-fisico-adaptado-para-personas-con-patologias-cronicas\/","title":{"rendered":"Programa de ejercicio f\u00edsico adaptado para personas con patolog\u00edas cr\u00f3nicas"},"content":{"rendered":"<p>Hemos vuelto a abrir la matr\u00edcula del programa de ejercicio f\u00edsico adaptado para personas con patolog\u00edas cr\u00f3nicas para el curso 2015-16.<\/p>\n<p>Hacer <a href=\"http:\/\/www.urkide.org\/wp-content\/uploads\/2015\/09\/Programa-de-ejercicio-f\u00edsico-adaptado-para-personas-con-patolog\u00edas-cr\u00f3nicas.pdf\">clic aqu\u00ed<\/a>\u00a0 para ver la informaci\u00f3n<\/p>\n<div class=\"clearfix\"><\/div>","protected":false},"excerpt":{"rendered":"<p>Hemos vuelto a abrir la matr\u00edcula del programa de ejercicio f\u00edsico adaptado para personas con patolog\u00edas cr\u00f3nicas para el curso 2015-16. Hacer&#8230;<\/p>\n","protected":false},"author":1,"featured_media":0,"comment_status":"open","ping_status":"open","sticky":false,"template":"","format":"standard","meta":{"footnotes":""},"categories":[],"tags":[],"class_list":["post-15900","post","type-post","status-publish","format-standard","hentry"],"_links":{"self":[{"href":"https:\/\/www.urkide.org\/en\/wp-json\/wp\/v2\/posts\/15900","targetHints":{"allow":["GET"]}}],"collection":[{"href":"https:\/\/www.urkide.org\/en\/wp-json\/wp\/v2\/posts"}],"about":[{"href":"https:\/\/www.urkide.org\/en\/wp-json\/wp\/v2\/types\/post"}],"author":[{"embeddable":true,"href":"https:\/\/www.urkide.org\/en\/wp-json\/wp\/v2\/users\/1"}],"replies":[{"embeddable":true,"href":"https:\/\/www.urkide.org\/en\/wp-json\/wp\/v2\/comments?post=15900"}],"version-history":[{"count":0,"href":"https:\/\/www.urkide.org\/en\/wp-json\/wp\/v2\/posts\/15900\/revisions"}],"wp:attachment":[{"href":"https:\/\/www.urkide.org\/en\/wp-json\/wp\/v2\/media?parent=15900"}],"wp:term":[{"taxonomy":"category","embeddable":true,"href":"https:\/\/www.urkide.org\/en\/wp-json\/wp\/v2\/categories?post=15900"},{"taxonomy":"post_tag","embeddable":true,"href":"https:\/\/www.urkide.org\/en\/wp-json\/wp\/v2\/tags?post=15900"}],"curies":[{"name":"wp","href":"https:\/\/api.w.org\/{rel}","templated":true}]}}