{"id":15922,"date":"2023-01-24T10:55:17","date_gmt":"2023-01-24T10:55:17","guid":{"rendered":"https:\/\/www.urkide.org\/dia-del-libro-educacion-infantil\/"},"modified":"2023-01-24T10:55:17","modified_gmt":"2023-01-24T10:55:17","slug":"dia-del-libro-educacion-infantil","status":"publish","type":"post","link":"https:\/\/www.urkide.org\/en\/dia-del-libro-educacion-infantil\/","title":{"rendered":"D\u00eda del libro (Educaci\u00f3n Infantil)"},"content":{"rendered":"<p>Como en a\u00f1os anteriores, los \u00faltimos d\u00edas del mes de abril hemos celebrado la denominada \u201cFiesta del libro\u201d. En esta ocasi\u00f3n, los escritores en torno a quienes se han desarrollado las actividades programadas han sido \u201cLos Hermanos Grimm\u201d. Apoy\u00e1ndose en sus relatos y en otras historias, los\/as alumnos\/as de Educ. Infantil han cogido la pluma y el papel y se han adentrado en el mundo m\u00e1gico de los cuentos, creando verdaderas obras de arte. Todo ello ha estado acompa\u00f1ado de preciosos murales, caretas sugerentes, marionetas divertidas, teatros e, incluso, posados en el \u201c<em>photocall<\/em>\u201d. Agradecemos a todos los que lo han hecho posible con su participaci\u00f3n e implicaci\u00f3n en el proyecto.<\/p>\n<p>Y color\u00edn colorado, por este a\u00f1o, ya se ha acabado \u2026<\/p>\n<div class=\"embed-responsive embed-responsive-16by9 mb-25\"><iframe loading=\"lazy\" title=\"D\u00eda del libro en Educaci\u00f3n Infantil\" width=\"1170\" height=\"658\" src=\"https:\/\/www.youtube.com\/embed\/D-QWaa1AwrE?feature=oembed\" frameborder=\"0\" allow=\"accelerometer; autoplay; clipboard-write; encrypted-media; gyroscope; picture-in-picture; web-share\" allowfullscreen><\/iframe><\/div>\n<div class=\"clearfix\"><\/div>","protected":false},"excerpt":{"rendered":"<p>Como en a\u00f1os anteriores, los \u00faltimos d\u00edas del mes de abril hemos celebrado la denominada \u201cFiesta del libro\u201d. En esta ocasi\u00f3n, los&#8230;<\/p>\n","protected":false},"author":1,"featured_media":0,"comment_status":"open","ping_status":"open","sticky":false,"template":"","format":"standard","meta":{"footnotes":""},"categories":[],"tags":[],"class_list":["post-15922","post","type-post","status-publish","format-standard","hentry"],"_links":{"self":[{"href":"https:\/\/www.urkide.org\/en\/wp-json\/wp\/v2\/posts\/15922","targetHints":{"allow":["GET"]}}],"collection":[{"href":"https:\/\/www.urkide.org\/en\/wp-json\/wp\/v2\/posts"}],"about":[{"href":"https:\/\/www.urkide.org\/en\/wp-json\/wp\/v2\/types\/post"}],"author":[{"embeddable":true,"href":"https:\/\/www.urkide.org\/en\/wp-json\/wp\/v2\/users\/1"}],"replies":[{"embeddable":true,"href":"https:\/\/www.urkide.org\/en\/wp-json\/wp\/v2\/comments?post=15922"}],"version-history":[{"count":0,"href":"https:\/\/www.urkide.org\/en\/wp-json\/wp\/v2\/posts\/15922\/revisions"}],"wp:attachment":[{"href":"https:\/\/www.urkide.org\/en\/wp-json\/wp\/v2\/media?parent=15922"}],"wp:term":[{"taxonomy":"category","embeddable":true,"href":"https:\/\/www.urkide.org\/en\/wp-json\/wp\/v2\/categories?post=15922"},{"taxonomy":"post_tag","embeddable":true,"href":"https:\/\/www.urkide.org\/en\/wp-json\/wp\/v2\/tags?post=15922"}],"curies":[{"name":"wp","href":"https:\/\/api.w.org\/{rel}","templated":true}]}}