{"id":15924,"date":"2023-01-24T10:55:17","date_gmt":"2023-01-24T10:55:17","guid":{"rendered":"https:\/\/www.urkide.org\/escuela-sostenible\/"},"modified":"2023-01-24T10:55:17","modified_gmt":"2023-01-24T10:55:17","slug":"escuela-sostenible","status":"publish","type":"post","link":"https:\/\/www.urkide.org\/en\/escuela-sostenible\/","title":{"rendered":"Escuela Sostenible"},"content":{"rendered":"<div dir=\"ltr\">\n<div>El Colegio tiene un nuevo reconocimiento. Y no es otro que el de\u00a0\u00a0<span style=\"color: #6aa84f; font-size: large;\">&#8220;ESCUELA SOSTENIBLE&#8221;<\/span><span style=\"font-size: large; color: #6aa84f;\">.\u00a0<\/span><\/div>\n<div><span style=\"color: #000000;\">\u00a0<\/span><\/div>\n<div><span style=\"color: #000000;\">Para lograrlo elaboramos un informe en el que detall\u00e1bamos las acciones y los resultados obtenidos en todo lo relacionado con el compromiso medioambiental de Urkide y su coherencia con el programa Agenda 21 Escolar. Tras la pertinente auditoria hemos recibido el informe de los puntos fuertes y \u00e1reas de mejora y el certificado que nos acredita como &#8220;Escuela Sostenible&#8221;. Tambi\u00e9n nos felicitan por el trabajo realizado, por el inter\u00e9s demostrado y por el compromiso de caminar hacia la sostenibilidad a\u00f1o tras a\u00f1o.\u00a0<\/span><\/div>\n<div><span style=\"color: #000000;\">\u00a0<\/span><\/div>\n<div><span style=\"color: #000000;\">Aprovechamos la ocasi\u00f3n para agradecer el enorme trabajo realizado por los departamentos de Ciencias y por el equipo de Agenda 21 del colegio (formado por profesores, personal no docente, alumnos y familias), que promueven y lideran las acciones que se llevan a cabo en el Colegio relacionadas con el cuidado del medioambiente. Asimismo queremos agradecer el apoyo y la participaci\u00f3n de toda la comunidad educativa de Urkide en las actividades propuestas: encuestas, recogida de residuos, Urkide Estelar, Naturkideak, etc. <\/span><\/div>\n<div><\/div>\n<div><span style=\"color: #000000;\">Sin la colaboraci\u00f3n y el compromiso de todos\/as no es posible lograr y mantener reconocimientos como el presente.<\/span><\/div>\n<div><span style=\"color: #000000;\">\u00a0<\/span><\/div>\n<div><span style=\"color: #6aa84f; font-size: xx-large;\">\u00a1\u00a1Enhorabuena a todos\/as!!<\/span><\/div>\n<div><\/div>\n<div><a href=\"http:\/\/www.urkide.org\/wp-content\/uploads\/2016\/05\/20160503-Cert-.-Escuela-Sostenible.gif\"><img loading=\"lazy\" decoding=\"async\" class=\"size-medium wp-image-2154 aligncenter\" src=\"http:\/\/www.urkide.org\/wp-content\/uploads\/2016\/05\/20160503-Cert-.-Escuela-Sostenible-300x199.gif\" alt=\"20160503 - Cert . Escuela Sostenible\" width=\"300\" height=\"199\" \/><\/a><\/div>\n<\/div>\n<div class=\"clearfix\"><\/div>","protected":false},"excerpt":{"rendered":"<p>El Colegio tiene un nuevo reconocimiento. Y no es otro que el de\u00a0\u00a0&#8220;ESCUELA SOSTENIBLE&#8221;.\u00a0 \u00a0 Para lograrlo elaboramos un informe en el&#8230;<\/p>\n","protected":false},"author":1,"featured_media":0,"comment_status":"open","ping_status":"open","sticky":false,"template":"","format":"standard","meta":{"footnotes":""},"categories":[],"tags":[],"class_list":["post-15924","post","type-post","status-publish","format-standard","hentry"],"_links":{"self":[{"href":"https:\/\/www.urkide.org\/en\/wp-json\/wp\/v2\/posts\/15924","targetHints":{"allow":["GET"]}}],"collection":[{"href":"https:\/\/www.urkide.org\/en\/wp-json\/wp\/v2\/posts"}],"about":[{"href":"https:\/\/www.urkide.org\/en\/wp-json\/wp\/v2\/types\/post"}],"author":[{"embeddable":true,"href":"https:\/\/www.urkide.org\/en\/wp-json\/wp\/v2\/users\/1"}],"replies":[{"embeddable":true,"href":"https:\/\/www.urkide.org\/en\/wp-json\/wp\/v2\/comments?post=15924"}],"version-history":[{"count":0,"href":"https:\/\/www.urkide.org\/en\/wp-json\/wp\/v2\/posts\/15924\/revisions"}],"wp:attachment":[{"href":"https:\/\/www.urkide.org\/en\/wp-json\/wp\/v2\/media?parent=15924"}],"wp:term":[{"taxonomy":"category","embeddable":true,"href":"https:\/\/www.urkide.org\/en\/wp-json\/wp\/v2\/categories?post=15924"},{"taxonomy":"post_tag","embeddable":true,"href":"https:\/\/www.urkide.org\/en\/wp-json\/wp\/v2\/tags?post=15924"}],"curies":[{"name":"wp","href":"https:\/\/api.w.org\/{rel}","templated":true}]}}