{"id":15928,"date":"2023-01-24T10:55:17","date_gmt":"2023-01-24T10:55:17","guid":{"rendered":"https:\/\/www.urkide.org\/foro-del-ayuntamiento-a21e\/"},"modified":"2023-01-24T10:55:17","modified_gmt":"2023-01-24T10:55:17","slug":"foro-del-ayuntamiento-a21e","status":"publish","type":"post","link":"https:\/\/www.urkide.org\/en\/foro-del-ayuntamiento-a21e\/","title":{"rendered":"Foro del Ayuntamiento A21E"},"content":{"rendered":"<div dir=\"ltr\">\n<div>Los alumnos del Colegio Urkide Ikastetxea hemos participado en el foro de Agenda 21 en \u00a0Ayuntamiento con los t\u00e9cnicos y el alcalde Gorka Urtaran en relaci\u00f3n al tema MOVILIDAD ACTIVA Y AUT\u00d3NOMA. En \u00e9l se han tratrado \u00a0los caminos escolares principales que se realizan a pie y en bici y se ha \u00a0analizado la respuesta que nos dio el Ayuntamiento a nuestras propuestas el curso pasado.<\/div>\n<div><\/div>\n<div><a href=\"http:\/\/www.urkide.org\/wp-content\/uploads\/2016\/05\/20160518-A21E.jpg\"><img loading=\"lazy\" decoding=\"async\" class=\"size-medium wp-image-2184 aligncenter\" src=\"http:\/\/www.urkide.org\/wp-content\/uploads\/2016\/05\/20160518-A21E-300x225.jpg\" alt=\"20160518-A21E\" width=\"300\" height=\"225\" \/><\/a><\/div>\n<div><a href=\"http:\/\/www.urkide.org\/wp-content\/uploads\/2016\/05\/20160518-A21E-6-alumnos.jpg\"><img loading=\"lazy\" decoding=\"async\" class=\"size-medium wp-image-2185 aligncenter\" src=\"http:\/\/www.urkide.org\/wp-content\/uploads\/2016\/05\/20160518-A21E-6-alumnos-300x225.jpg\" alt=\"20160518-A21E-6-alumnos\" width=\"300\" height=\"225\" \/><\/a><\/div>\n<\/div>\n<div class=\"clearfix\"><\/div>","protected":false},"excerpt":{"rendered":"<p>Los alumnos del Colegio Urkide Ikastetxea hemos participado en el foro de Agenda 21 en \u00a0Ayuntamiento con los t\u00e9cnicos y el alcalde&#8230;<\/p>\n","protected":false},"author":1,"featured_media":0,"comment_status":"open","ping_status":"open","sticky":false,"template":"","format":"standard","meta":{"footnotes":""},"categories":[],"tags":[],"class_list":["post-15928","post","type-post","status-publish","format-standard","hentry"],"_links":{"self":[{"href":"https:\/\/www.urkide.org\/en\/wp-json\/wp\/v2\/posts\/15928","targetHints":{"allow":["GET"]}}],"collection":[{"href":"https:\/\/www.urkide.org\/en\/wp-json\/wp\/v2\/posts"}],"about":[{"href":"https:\/\/www.urkide.org\/en\/wp-json\/wp\/v2\/types\/post"}],"author":[{"embeddable":true,"href":"https:\/\/www.urkide.org\/en\/wp-json\/wp\/v2\/users\/1"}],"replies":[{"embeddable":true,"href":"https:\/\/www.urkide.org\/en\/wp-json\/wp\/v2\/comments?post=15928"}],"version-history":[{"count":0,"href":"https:\/\/www.urkide.org\/en\/wp-json\/wp\/v2\/posts\/15928\/revisions"}],"wp:attachment":[{"href":"https:\/\/www.urkide.org\/en\/wp-json\/wp\/v2\/media?parent=15928"}],"wp:term":[{"taxonomy":"category","embeddable":true,"href":"https:\/\/www.urkide.org\/en\/wp-json\/wp\/v2\/categories?post=15928"},{"taxonomy":"post_tag","embeddable":true,"href":"https:\/\/www.urkide.org\/en\/wp-json\/wp\/v2\/tags?post=15928"}],"curies":[{"name":"wp","href":"https:\/\/api.w.org\/{rel}","templated":true}]}}