{"id":15950,"date":"2023-01-24T10:55:22","date_gmt":"2023-01-24T10:55:22","guid":{"rendered":"https:\/\/www.urkide.org\/marcha-contra-la-leucemia\/"},"modified":"2023-01-24T10:55:22","modified_gmt":"2023-01-24T10:55:22","slug":"marcha-contra-la-leucemia","status":"publish","type":"post","link":"https:\/\/www.urkide.org\/en\/marcha-contra-la-leucemia\/","title":{"rendered":"Marcha contra la leucemia"},"content":{"rendered":"<p>El viernes 21 de octubre 510 ni\u00f1as y ni\u00f1os de Primaria acompa\u00f1ados de 27 profesores participaron en \u201cLA VUELTA AL COLE\u201d<\/p>\n<p>Se recaudaron 840 \u20ac que se destinar\u00e1n para la investigaci\u00f3n contra la leucemia infantil.<\/p>\n<p>Gracias a todos por la colaboraci\u00f3n y participaci\u00f3n.<\/p>\n<p><iframe loading=\"lazy\" src=\"https:\/\/www.youtube.com\/embed\/hH0TJ93G8As\" width=\"776\" height=\"437\" frameborder=\"0\" allowfullscreen=\"allowfullscreen\"><\/iframe><\/p>\n<p><a href=\"http:\/\/www.urkide.org\/wp-content\/uploads\/2016\/11\/IMG_2181-MARCHA-LEUCEMIA-7.jpg\"><img loading=\"lazy\" decoding=\"async\" class=\"alignnone  wp-image-2506\" src=\"http:\/\/www.urkide.org\/wp-content\/uploads\/2016\/11\/IMG_2181-MARCHA-LEUCEMIA-7-e1478074052997-682x1024.jpg\" alt=\"IMG_2181 MARCHA LEUCEMIA (7)\" width=\"1022\" height=\"1534\" \/><\/a><\/p>\n<p><a href=\"http:\/\/www.urkide.org\/wp-content\/uploads\/2016\/11\/IMG_2181-MARCHA-LEUCEMIA-15.jpg\"><img loading=\"lazy\" decoding=\"async\" class=\"alignnone size-large wp-image-2505\" src=\"http:\/\/www.urkide.org\/wp-content\/uploads\/2016\/11\/IMG_2181-MARCHA-LEUCEMIA-15-1024x682.jpg\" alt=\"IMG_2181 MARCHA LEUCEMIA (15)\" width=\"1024\" height=\"682\" \/><\/a><\/p>\n<div class=\"clearfix\"><\/div>","protected":false},"excerpt":{"rendered":"<p>El viernes 21 de octubre 510 ni\u00f1as y ni\u00f1os de Primaria acompa\u00f1ados de 27 profesores participaron en \u201cLA VUELTA AL COLE\u201d Se&#8230;<\/p>\n","protected":false},"author":1,"featured_media":0,"comment_status":"open","ping_status":"open","sticky":false,"template":"","format":"standard","meta":{"footnotes":""},"categories":[],"tags":[],"class_list":["post-15950","post","type-post","status-publish","format-standard","hentry"],"_links":{"self":[{"href":"https:\/\/www.urkide.org\/en\/wp-json\/wp\/v2\/posts\/15950","targetHints":{"allow":["GET"]}}],"collection":[{"href":"https:\/\/www.urkide.org\/en\/wp-json\/wp\/v2\/posts"}],"about":[{"href":"https:\/\/www.urkide.org\/en\/wp-json\/wp\/v2\/types\/post"}],"author":[{"embeddable":true,"href":"https:\/\/www.urkide.org\/en\/wp-json\/wp\/v2\/users\/1"}],"replies":[{"embeddable":true,"href":"https:\/\/www.urkide.org\/en\/wp-json\/wp\/v2\/comments?post=15950"}],"version-history":[{"count":0,"href":"https:\/\/www.urkide.org\/en\/wp-json\/wp\/v2\/posts\/15950\/revisions"}],"wp:attachment":[{"href":"https:\/\/www.urkide.org\/en\/wp-json\/wp\/v2\/media?parent=15950"}],"wp:term":[{"taxonomy":"category","embeddable":true,"href":"https:\/\/www.urkide.org\/en\/wp-json\/wp\/v2\/categories?post=15950"},{"taxonomy":"post_tag","embeddable":true,"href":"https:\/\/www.urkide.org\/en\/wp-json\/wp\/v2\/tags?post=15950"}],"curies":[{"name":"wp","href":"https:\/\/api.w.org\/{rel}","templated":true}]}}