{"id":15985,"date":"2023-01-24T10:55:28","date_gmt":"2023-01-24T10:55:28","guid":{"rendered":"https:\/\/www.urkide.org\/calendario-del-grupo-de-fotografia\/"},"modified":"2023-01-24T10:55:28","modified_gmt":"2023-01-24T10:55:28","slug":"calendario-del-grupo-de-fotografia","status":"publish","type":"post","link":"https:\/\/www.urkide.org\/en\/calendario-del-grupo-de-fotografia\/","title":{"rendered":"Calendario del grupo de Fotograf\u00eda"},"content":{"rendered":"<p>Hola a todo el mundo,<\/p>\n<p>Somos el grupo de fotograf\u00eda del colegio Urkide. Nos situamos en el mes de octubre, ya que en aquel momento se nos ocurri\u00f3 hacer un calendario solidario para poder ayudar a otras personas por medio de nuestras fotograf\u00edas. Para ello, trajimos al cole nuestras mejores ropas, c\u00e1maras e ideas. Por lo tanto, no ten\u00edamos otra que decir: \u201c\u00a1C\u00e1mara y acci\u00f3n!\u201d\u00b7. Como s\u00f3lo ten\u00edamos una hora a la semana, se nos pasaba el tiempo volando y para sacar el calendario adelante tuvimos que trabajar mucho. Despu\u00e9s, elegimos las mejores fotos junto a unos refranes adecuados a cada mes. Nuestro calendario estaba en el horno\u2026\u00a1Y hoy, 15 de diciembre, ya los tenemos!<\/p>\n<p>Los calendarios van a costar 10\u20ac. El dinero recaudado ser\u00e1 para la asociaci\u00f3n \u201cAspanafoa\u201d que lucha contra el c\u00e1ncer infantil. Estar\u00e1n a la venta a partir del lunes que viene. Podr\u00e9is pasar a por ellos por la recepci\u00f3n del colegio. Tened en cuenta su horario: 08:00-15:30.<\/p>\n<p>Esperemos que disfrut\u00e9is de ellos tanto como nosotros.<\/p>\n<p>Much\u00edsimas gracias,<\/p>\n<p>El grupo de fotograf\u00eda de Urkide.<\/p>\n<p><img loading=\"lazy\" decoding=\"async\" class=\"aligncenter size-large wp-image-3479\" src=\"http:\/\/www.urkide.org\/wp-content\/uploads\/2017\/12\/20171215-Calendario-1024x576.jpg\" alt=\"\" width=\"1024\" height=\"576\" \/><\/p>\n<div class=\"clearfix\"><\/div>","protected":false},"excerpt":{"rendered":"<p>Hola a todo el mundo, Somos el grupo de fotograf\u00eda del colegio Urkide. Nos situamos en el mes de octubre, ya que&#8230;<\/p>\n","protected":false},"author":1,"featured_media":0,"comment_status":"open","ping_status":"open","sticky":false,"template":"","format":"standard","meta":{"footnotes":""},"categories":[],"tags":[],"class_list":["post-15985","post","type-post","status-publish","format-standard","hentry"],"_links":{"self":[{"href":"https:\/\/www.urkide.org\/en\/wp-json\/wp\/v2\/posts\/15985","targetHints":{"allow":["GET"]}}],"collection":[{"href":"https:\/\/www.urkide.org\/en\/wp-json\/wp\/v2\/posts"}],"about":[{"href":"https:\/\/www.urkide.org\/en\/wp-json\/wp\/v2\/types\/post"}],"author":[{"embeddable":true,"href":"https:\/\/www.urkide.org\/en\/wp-json\/wp\/v2\/users\/1"}],"replies":[{"embeddable":true,"href":"https:\/\/www.urkide.org\/en\/wp-json\/wp\/v2\/comments?post=15985"}],"version-history":[{"count":0,"href":"https:\/\/www.urkide.org\/en\/wp-json\/wp\/v2\/posts\/15985\/revisions"}],"wp:attachment":[{"href":"https:\/\/www.urkide.org\/en\/wp-json\/wp\/v2\/media?parent=15985"}],"wp:term":[{"taxonomy":"category","embeddable":true,"href":"https:\/\/www.urkide.org\/en\/wp-json\/wp\/v2\/categories?post=15985"},{"taxonomy":"post_tag","embeddable":true,"href":"https:\/\/www.urkide.org\/en\/wp-json\/wp\/v2\/tags?post=15985"}],"curies":[{"name":"wp","href":"https:\/\/api.w.org\/{rel}","templated":true}]}}