{"id":15986,"date":"2023-01-24T10:55:28","date_gmt":"2023-01-24T10:55:28","guid":{"rendered":"https:\/\/www.urkide.org\/concierto-de-villancicos-de-urkanta\/"},"modified":"2023-01-24T10:55:28","modified_gmt":"2023-01-24T10:55:28","slug":"concierto-de-villancicos-de-urkanta","status":"publish","type":"post","link":"https:\/\/www.urkide.org\/en\/concierto-de-villancicos-de-urkanta\/","title":{"rendered":"Concierto de villancicos de Urkanta"},"content":{"rendered":"<p>Haciendo <a href=\"http:\/\/www.urkide.org\/wp-content\/uploads\/2017\/12\/Urkanta-San-Francisco-de-As\u00eds-22122017.pdf\" target=\"_blank\" rel=\"noopener\">clic aqu\u00ed<\/a> pod\u00e9is ver el programa del concierto de villancicos del coro Urkanta en la parroquia San Francisco de As\u00eds el viernes 22 de diciembre.<\/p>\n<p><a href=\"http:\/\/www.urkide.org\/wp-content\/uploads\/2017\/12\/20171219-coro-urkanta-portada.jpg\"><img loading=\"lazy\" decoding=\"async\" class=\"aligncenter size-full wp-image-3485\" src=\"http:\/\/www.urkide.org\/wp-content\/uploads\/2017\/12\/20171219-coro-urkanta-portada.jpg\" alt=\"\" width=\"300\" height=\"207\" \/><\/a><\/p>\n<div class=\"clearfix\"><\/div>","protected":false},"excerpt":{"rendered":"<p>Haciendo clic aqu\u00ed pod\u00e9is ver el programa del concierto de villancicos del coro Urkanta en la parroquia San Francisco de As\u00eds el&#8230;<\/p>\n","protected":false},"author":1,"featured_media":0,"comment_status":"open","ping_status":"open","sticky":false,"template":"","format":"standard","meta":{"footnotes":""},"categories":[],"tags":[],"class_list":["post-15986","post","type-post","status-publish","format-standard","hentry"],"_links":{"self":[{"href":"https:\/\/www.urkide.org\/en\/wp-json\/wp\/v2\/posts\/15986","targetHints":{"allow":["GET"]}}],"collection":[{"href":"https:\/\/www.urkide.org\/en\/wp-json\/wp\/v2\/posts"}],"about":[{"href":"https:\/\/www.urkide.org\/en\/wp-json\/wp\/v2\/types\/post"}],"author":[{"embeddable":true,"href":"https:\/\/www.urkide.org\/en\/wp-json\/wp\/v2\/users\/1"}],"replies":[{"embeddable":true,"href":"https:\/\/www.urkide.org\/en\/wp-json\/wp\/v2\/comments?post=15986"}],"version-history":[{"count":0,"href":"https:\/\/www.urkide.org\/en\/wp-json\/wp\/v2\/posts\/15986\/revisions"}],"wp:attachment":[{"href":"https:\/\/www.urkide.org\/en\/wp-json\/wp\/v2\/media?parent=15986"}],"wp:term":[{"taxonomy":"category","embeddable":true,"href":"https:\/\/www.urkide.org\/en\/wp-json\/wp\/v2\/categories?post=15986"},{"taxonomy":"post_tag","embeddable":true,"href":"https:\/\/www.urkide.org\/en\/wp-json\/wp\/v2\/tags?post=15986"}],"curies":[{"name":"wp","href":"https:\/\/api.w.org\/{rel}","templated":true}]}}