{"id":15987,"date":"2023-01-24T10:55:28","date_gmt":"2023-01-24T10:55:28","guid":{"rendered":"https:\/\/www.urkide.org\/fll-2017\/"},"modified":"2023-01-24T10:55:28","modified_gmt":"2023-01-24T10:55:28","slug":"fll-2017","status":"publish","type":"post","link":"https:\/\/www.urkide.org\/en\/fll-2017\/","title":{"rendered":"FLL 2017"},"content":{"rendered":"<p align=\"justify\"><span style=\"font-family: Arial, sans-serif;\">Este pasado s\u00e1bado el equipo de Urkide <span style=\"font-size: large;\"><b>\u201cLegokide\u201d<\/b><\/span> se proclam\u00f3 <span style=\"font-size: large;\"><b>vencedor absoluto<\/b><\/span> de la fase de Euskadi de la First Lego League (FLL) que se celebr\u00f3 en Vitoria-Gasteiz, en el Palacio Europa, con el reto de <b>\u201cel ciclo humano del agua: Hydro Dynamics\u201d<\/b>.<\/span><\/p>\n<p align=\"justify\"><span style=\"font-family: Arial, sans-serif;\">En la competici\u00f3n de este a\u00f1o tomaron parte m\u00e1s de 1200 j\u00f3venes de todo Euskadi y el jurado valor\u00f3 el trabajo de Legokide como <span style=\"font-size: large;\"><b>el m\u00e1s completo en los apartados de comportamiento del robot, proyecto cient\u00edfico, dise\u00f1o del robot y valores grupales.<\/b><\/span><\/span><\/p>\n<p align=\"justify\">\n<p align=\"justify\"><a href=\"http:\/\/www.urkide.org\/wp-content\/uploads\/2018\/02\/20180213-Foto-Lego.jpg\"><img loading=\"lazy\" decoding=\"async\" class=\"aligncenter size-large wp-image-3560\" src=\"http:\/\/www.urkide.org\/wp-content\/uploads\/2018\/02\/20180213-Foto-Lego-1024x682.jpg\" alt=\"\" width=\"1024\" height=\"682\" \/><\/a><\/p>\n<p align=\"justify\"><span style=\"font-family: Arial, sans-serif;\"><span style=\"font-size: medium;\">Esta victoria<\/span><b> <\/b><span style=\"font-size: medium;\">les da derecho a participar en la fase estatal que se desarrollar\u00e1 en Logro\u00f1o los d\u00edas 11 y 12 de marzo.<\/span><\/span><\/p>\n<p align=\"justify\"><span style=\"font-family: Arial, sans-serif;\">FIRST LEGO League (FLL) es un desaf\u00edo internacional que despierta el inter\u00e9s de los j\u00f3venes por la ciencia y la tecnolog\u00eda.<\/span><\/p>\n<p align=\"justify\"><span style=\"font-family: Arial, sans-serif;\">FLL utiliza desaf\u00edos tem\u00e1ticos para involucrar a los j\u00f3venes, de 10 a 16 a\u00f1os, en la investigaci\u00f3n, la resoluci\u00f3n de problemas, y la ciencia.<\/span><\/p>\n<p align=\"justify\"><span style=\"font-family: Arial, sans-serif;\">Los pilares del programa son los Valores FLL que enfatizan el aprender de los dem\u00e1s compa\u00f1eros, la competici\u00f3n amistosa, el aprendizaje y la contribuci\u00f3n a la sociedad.<\/span><\/p>\n<p align=\"justify\"><span style=\"font-family: Arial, sans-serif;\">Los participantes en FLL:<\/span><\/p>\n<ul>\n<li><span style=\"font-family: Arial, sans-serif;\">Dise\u00f1an, construyen, prueban y programan robots utilizando la tecnolog\u00eda LEGO\u00ae MINDSTORMS\u00ae.<\/span><\/li>\n<li><span style=\"font-family: Arial, sans-serif;\">Investigan y resuelven los mismos desaf\u00edos que los cient\u00edficos de hoy.<\/span><\/li>\n<li><span style=\"font-family: Arial, sans-serif;\">Aplican conceptos de matem\u00e1ticas y ciencias en la vida real.<\/span><\/li>\n<li><span style=\"font-family: Arial, sans-serif;\">Desarrollan las habilidades y competencias del s. XXI como el trabajo en equipo, la resoluci\u00f3n de problemas y la comunicaci\u00f3n.<\/span><\/li>\n<li><span style=\"font-family: Arial, sans-serif;\">Participan y se divierten en torneos y celebraciones en formato deportivo.<\/span><\/li>\n<\/ul>\n<p><span style=\"font-family: Arial, sans-serif;\"><span style=\"font-size: large;\"><b>\u00a1\u00a1Enhorabuena y muchas gracias a los miembros de equipo (a los que fueron y a los que no pudieron ir y nos apoyaron desde Vitoria-Gasteiz), a los entrenadores y a las familias que pudieron disfrutar del d\u00eda con el equipo!!<\/b><\/span><\/span><\/p>\n<p><span style=\"font-family: Arial, sans-serif;\"><span style=\"font-size: medium;\">Adjuntamos los links de la cobertura en prensa de la noticia y el v\u00eddeo de la entrega de premios.<\/span><\/span><\/p>\n<p><a href=\"http:\/\/www.deia.com\/2018\/02\/10\/sociedad\/euskadi\/el-colegio-urkide-de-gasteiz-ganador-de-la-first-lego-league-de-euskadi-\"><span style=\"font-family: Arial, sans-serif;\"><span style=\"font-size: medium;\">http:\/\/www.deia.com\/2018\/02\/10\/sociedad\/euskadi\/el-colegio-urkide-de-gasteiz-ganador-de-la-first-lego-league-de-euskadi-<\/span><\/span><\/a><\/p>\n<p><a href=\"http:\/\/www.elcorreo.com\/alava\/araba\/1200-escolares-compiten-20180210190532-nt.html\"><span style=\"font-family: Arial, sans-serif;\"><span style=\"font-size: medium;\">http:\/\/www.elcorreo.com\/alava\/araba\/1200-escolares-compiten-20180210190532-nt.html<\/span><\/span><\/a><\/p>\n<p><span style=\"font-family: Arial, sans-serif;\"><span style=\"font-size: medium;\"><a href=\"http:\/\/www.noticiasdealava.com\/2018\/02\/11\/araba\/urkide-triunfa-en-casa\">http:\/\/www.noticiasdealava.com\/2018\/02\/11\/araba\/urkide-triunfa-en-casa<\/a><\/span><\/span><\/p>\n<p><a href=\"https:\/\/alea.eus\/araba\/1518447842582-1200-ikasle-elkartu-zituen-first-lego-league-ak\"><span style=\"font-family: Arial, sans-serif;\"><span style=\"font-size: medium;\">https:\/\/alea.eus\/araba\/1518447842582-1200-ikasle-elkartu-zituen-first-lego-league-ak<\/span><\/span><\/a><\/p>\n<div class=\"embed-responsive embed-responsive-16by9 mb-25\"><iframe loading=\"lazy\" title=\"FLL 2017\" width=\"1170\" height=\"658\" src=\"https:\/\/www.youtube.com\/embed\/FyrkNFv6KMo?feature=oembed\" frameborder=\"0\" allow=\"accelerometer; autoplay; clipboard-write; encrypted-media; gyroscope; picture-in-picture; web-share\" allowfullscreen><\/iframe><\/div>\n<div class=\"clearfix\"><\/div>","protected":false},"excerpt":{"rendered":"<p>Este pasado s\u00e1bado el equipo de Urkide \u201cLegokide\u201d se proclam\u00f3 vencedor absoluto de la fase de Euskadi de la First Lego League&#8230;<\/p>\n","protected":false},"author":1,"featured_media":0,"comment_status":"open","ping_status":"open","sticky":false,"template":"","format":"standard","meta":{"footnotes":""},"categories":[],"tags":[],"class_list":["post-15987","post","type-post","status-publish","format-standard","hentry"],"_links":{"self":[{"href":"https:\/\/www.urkide.org\/en\/wp-json\/wp\/v2\/posts\/15987","targetHints":{"allow":["GET"]}}],"collection":[{"href":"https:\/\/www.urkide.org\/en\/wp-json\/wp\/v2\/posts"}],"about":[{"href":"https:\/\/www.urkide.org\/en\/wp-json\/wp\/v2\/types\/post"}],"author":[{"embeddable":true,"href":"https:\/\/www.urkide.org\/en\/wp-json\/wp\/v2\/users\/1"}],"replies":[{"embeddable":true,"href":"https:\/\/www.urkide.org\/en\/wp-json\/wp\/v2\/comments?post=15987"}],"version-history":[{"count":0,"href":"https:\/\/www.urkide.org\/en\/wp-json\/wp\/v2\/posts\/15987\/revisions"}],"wp:attachment":[{"href":"https:\/\/www.urkide.org\/en\/wp-json\/wp\/v2\/media?parent=15987"}],"wp:term":[{"taxonomy":"category","embeddable":true,"href":"https:\/\/www.urkide.org\/en\/wp-json\/wp\/v2\/categories?post=15987"},{"taxonomy":"post_tag","embeddable":true,"href":"https:\/\/www.urkide.org\/en\/wp-json\/wp\/v2\/tags?post=15987"}],"curies":[{"name":"wp","href":"https:\/\/api.w.org\/{rel}","templated":true}]}}