{"id":15988,"date":"2023-01-24T10:55:28","date_gmt":"2023-01-24T10:55:28","guid":{"rendered":"https:\/\/www.urkide.org\/txipiron-el-rey-del-carnaval-se-despidio-hasta-el-ano-que-viene\/"},"modified":"2023-01-24T10:55:28","modified_gmt":"2023-01-24T10:55:28","slug":"txipiron-el-rey-del-carnaval-se-despidio-hasta-el-ano-que-viene","status":"publish","type":"post","link":"https:\/\/www.urkide.org\/en\/txipiron-el-rey-del-carnaval-se-despidio-hasta-el-ano-que-viene\/","title":{"rendered":"TXIPIRON, EL REY DEL CARNAVAL, SE DESPIDI\u00d3 HASTA EL A\u00d1O QUE VIENE"},"content":{"rendered":"<p><span style=\"font-weight: 400;\">Txipiron, el Rey del Carnaval \u00a0de Infantil, junto con Txipirona, la Reina, \u00a0dieron por concluido el Carnaval 2018 el pasado viernes 9 de febrero.Una semana antes, el Monarca nos invit\u00f3 a que nos sumergi\u00e9ramos de pleno en una intensa semana carnavalera con el disfraz de pintores \u00a0o pintoras: el lunes la camiseta llena de colores, el martes los pantalones vistosos, el mi\u00e9rcoles la pajarita, el jueves la boina o pa\u00f1uelo en la cabeza y el viernes, como \u00faltima prenda, el bigote.<\/span><\/p>\n<p><a href=\"http:\/\/www.urkide.org\/wp-content\/uploads\/2018\/02\/20180214-Txipiron-2.jpg\"><img loading=\"lazy\" decoding=\"async\" class=\"aligncenter size-medium wp-image-3564\" src=\"http:\/\/www.urkide.org\/wp-content\/uploads\/2018\/02\/20180214-Txipiron-2-300x225.jpg\" alt=\"\" width=\"300\" height=\"225\" \/><\/a><\/p>\n<p><span style=\"font-weight: 400;\">En la despedida tambi\u00e9n estuvieron los babies Txipi y Ron que siguen siendo muy obedientes y educados. Todos ellos nos comentaron que tienen preferencias por diferentes pintores. Mientras que a Txipiron le encanta Frida Kahlo, a Txipirona le apasiona Picasso. Y \u00a0los babies disfrutan con los cuadros de \u00a0Dal\u00ed y Botero.<\/span><\/p>\n<p><span style=\"font-weight: 400;\">Por otra parte, como Txipiron sabe que a todos ni\u00f1os \u00a0y a todas ni\u00f1as de Urkide nos \u00a0gusta much\u00edsimo pintar y dibujar, nos reparti\u00f3 unos deliciosos caramelos, tra\u00eddos desde la selva donde viven. Calific\u00f3 nuestros dibujos como creativos, imaginativos, impactantes y brillantes, entre otros adjetivos&#8230;<\/span><\/p>\n<p><span style=\"font-weight: 400;\">Txipiron se dio cuenta de que hab\u00eda algunas caras tristes, porque se estaba despidiendo hasta el Carnaval del a\u00f1o que viene 2019. Alguno, incluso, lo manifestaba con l\u00e1grimas. Es que un a\u00f1o es muy largo\u2026 Por eso, nos anim\u00f3 a todos a \u00a0bailar y cantar.<\/span><\/p>\n<p><span style=\"font-weight: 400;\">Txipiron, zure zain egongo gara datorren urtean. We love you so much.<\/span><\/p>\n<div class=\"clearfix\"><\/div>","protected":false},"excerpt":{"rendered":"<p>Txipiron, el Rey del Carnaval \u00a0de Infantil, junto con Txipirona, la Reina, \u00a0dieron por concluido el Carnaval 2018 el pasado viernes 9&#8230;<\/p>\n","protected":false},"author":1,"featured_media":0,"comment_status":"open","ping_status":"open","sticky":false,"template":"","format":"standard","meta":{"footnotes":""},"categories":[],"tags":[],"class_list":["post-15988","post","type-post","status-publish","format-standard","hentry"],"_links":{"self":[{"href":"https:\/\/www.urkide.org\/en\/wp-json\/wp\/v2\/posts\/15988","targetHints":{"allow":["GET"]}}],"collection":[{"href":"https:\/\/www.urkide.org\/en\/wp-json\/wp\/v2\/posts"}],"about":[{"href":"https:\/\/www.urkide.org\/en\/wp-json\/wp\/v2\/types\/post"}],"author":[{"embeddable":true,"href":"https:\/\/www.urkide.org\/en\/wp-json\/wp\/v2\/users\/1"}],"replies":[{"embeddable":true,"href":"https:\/\/www.urkide.org\/en\/wp-json\/wp\/v2\/comments?post=15988"}],"version-history":[{"count":0,"href":"https:\/\/www.urkide.org\/en\/wp-json\/wp\/v2\/posts\/15988\/revisions"}],"wp:attachment":[{"href":"https:\/\/www.urkide.org\/en\/wp-json\/wp\/v2\/media?parent=15988"}],"wp:term":[{"taxonomy":"category","embeddable":true,"href":"https:\/\/www.urkide.org\/en\/wp-json\/wp\/v2\/categories?post=15988"},{"taxonomy":"post_tag","embeddable":true,"href":"https:\/\/www.urkide.org\/en\/wp-json\/wp\/v2\/tags?post=15988"}],"curies":[{"name":"wp","href":"https:\/\/api.w.org\/{rel}","templated":true}]}}