{"id":15990,"date":"2023-01-24T10:55:29","date_gmt":"2023-01-24T10:55:29","guid":{"rendered":"https:\/\/www.urkide.org\/carnavales-2018\/"},"modified":"2023-01-24T10:55:29","modified_gmt":"2023-01-24T10:55:29","slug":"carnavales-2018","status":"publish","type":"post","link":"https:\/\/www.urkide.org\/en\/carnavales-2018\/","title":{"rendered":"Carnavales 2018"},"content":{"rendered":"<p>Ya est\u00e1, ya se han acabado los Carnavales de 2.018. Otros carnavales han sido los m\u00e1s abrigados, los m\u00e1s juguetones o los m\u00e1s fantasiosos, estos han sido los m\u00e1s dulces.<\/p>\n\n<p>Esperamos que hay\u00e1is disfrutado mucho, mucho. Todo esto ha sido posible gracias a los m\u00e1s de 420 comparseros que hab\u00e9is participado. A vosotros y a vuestra colaboraci\u00f3n que, en lineas generales, ha sido excelente. Seguramente no todo habr\u00e1 sido perfecto, nunca nada lo es. Lo que si que hemos puesto es todo el esfuerzo para intentar que lo fuese.<\/p>\n<div class=\"embed-responsive embed-responsive-16by9 mb-25\"><iframe loading=\"lazy\" title=\"Carnavales Urkide 2018\" width=\"1170\" height=\"658\" src=\"https:\/\/www.youtube.com\/embed\/k1lVOlhxekw?feature=oembed\" frameborder=\"0\" allow=\"accelerometer; autoplay; clipboard-write; encrypted-media; gyroscope; picture-in-picture; web-share\" allowfullscreen><\/iframe><\/div>\n<p>Sin cada uno de los 420 comparseros nada hubiese sido igual. Pero hay que destacar, especialmente, el esfuerzo de muchos de vosotros, que hab\u00e9is sido el M\u00daSCULO, el ESQUELETO, CORAZ\u00d3N y ALMA de la comparsa. Seguro que se nos olvida gente, a veces por la colaboraci\u00f3n in situ de muchos, como por ejemplo en el mantenimiento de las filas en el propio desfile o en otros momentos.<\/p>\n<p>Ahi va&#8230;&#8230;&#8230;..<\/p>\n<p><strong>&#8220;Direcci\u00f3n art\u00edstica&#8221; y dise\u00f1o de vestuario<\/strong><\/p>\n<ul>\n<li>Ana Est\u00edvariz<\/li>\n<li>Jaione Aguado<\/li>\n<li>Ainhoa Armentia<\/li>\n<li>Mila Lastra<\/li>\n<\/ul>\n<p><strong>Prueba de disfraces<\/strong><\/p>\n<ul>\n<li>Cristina Previati<\/li>\n<li>Cristina Calvache<\/li>\n<li>Ainhoa C\u00e1mara<\/li>\n<li>Cristina Ruiz de Azua<\/li>\n<li>Leticia Ruiz de Azua<\/li>\n<li>Manuel Ruiz<\/li>\n<li>Roberto Dom\u00ednguez<\/li>\n<li>Miren Garc\u00eda de Garayo<\/li>\n<li>Sonya Berrio<\/li>\n<li>Mari Carmen Conde<\/li>\n<li>Mari \u00c1ngeles Guti\u00e9rrez<\/li>\n<li>Ra\u00fal Rodr\u00edguez<\/li>\n<\/ul>\n<p><strong>Carroza<\/strong><\/p>\n<ul>\n<li>Manuel Ruiz<\/li>\n<li>Roberto Dom\u00ednguez<\/li>\n<li>\u00c1ngel de la Fuente<\/li>\n<li>Antonio Manzano<\/li>\n<\/ul>\n<p><strong>Direcci\u00f3n Musical y DJs<\/strong><\/p>\n<ul>\n<li>Pablo Garc\u00eda de Eulate<\/li>\n<li>Javier D\u00e1vila<\/li>\n<\/ul>\n<p><strong>Coreograf\u00edas<\/strong><\/p>\n<ul>\n<li>Zulai<\/li>\n<\/ul>\n<p><strong>&#8220;Cuerpo&#8230;.s&#8221; de baile<\/strong><\/p>\n<ul>\n<li>Cristina Calvache<\/li>\n<li>Ra\u00fal Loma<\/li>\n<li>Pilar Echavarri<\/li>\n<li>Ana<\/li>\n<\/ul>\n<p><strong>Fot\u00f3grafos<\/strong><\/p>\n<ul>\n<li>Pablo Garc\u00eda de Eulate<\/li>\n<li>Guillermo Barbier<\/li>\n<\/ul>\n<p><strong>Patrocinadores<\/strong><\/p>\n<ul>\n<li>Gimnasio Atlas sport club<\/li>\n<li>Fisioterapia Igaro<\/li>\n<li>Artepan<\/li>\n<li>Viajes Katanka<\/li>\n<li>Academia Level<\/li>\n<li>El Clarete<\/li>\n<li>Toyota<\/li>\n<li>Kaiku<\/li>\n<\/ul>\n<p><strong>Desfiles<\/strong><\/p>\n<ul>\n<li>John Steward<\/li>\n<li>Mari \u00c1ngeles Guti\u00e9rrez<\/li>\n<li>y m\u00e1s&#8230;&#8230;.<\/li>\n<\/ul>\n<p><strong>En el colegio<\/strong><\/p>\n<ul>\n<li>Mari Jose (Puertas ensayos)<\/li>\n<li>Rosa (Secretar\u00eda)<\/li>\n<li>Victor (Inform\u00e1tica web colegio)<\/li>\n<li>Direcci\u00f3n (disposici\u00f3n log\u00edstica)<\/li>\n<li>Ampa&#8230;<\/li>\n<\/ul>\n<p><strong>Y EN TODO, TODO<\/strong><\/p>\n<ul>\n<li>Ainhoa Armentia<\/li>\n<li>Jaione Aguado<\/li>\n<li>Ana Est\u00edvariz<\/li>\n<\/ul>\n<p>Muchas gracias a ellos y a todos los que nos han ayudado y no hemos nombrado. Hasta el a\u00f1o que viene en el que esperamos contar con vosotros como comparseros y como m\u00fasculos, esqueleto, coraz\u00f3n y alma.<\/p>\n<p>&nbsp;<\/p>\n<div class=\"clearfix\"><\/div>","protected":false},"excerpt":{"rendered":"<p>Ya est\u00e1, ya se han acabado los Carnavales de 2.018. Otros carnavales han sido los m\u00e1s abrigados, los m\u00e1s juguetones o los&#8230;<\/p>\n","protected":false},"author":1,"featured_media":0,"comment_status":"open","ping_status":"open","sticky":false,"template":"","format":"standard","meta":{"footnotes":""},"categories":[],"tags":[],"class_list":["post-15990","post","type-post","status-publish","format-standard","hentry"],"_links":{"self":[{"href":"https:\/\/www.urkide.org\/en\/wp-json\/wp\/v2\/posts\/15990","targetHints":{"allow":["GET"]}}],"collection":[{"href":"https:\/\/www.urkide.org\/en\/wp-json\/wp\/v2\/posts"}],"about":[{"href":"https:\/\/www.urkide.org\/en\/wp-json\/wp\/v2\/types\/post"}],"author":[{"embeddable":true,"href":"https:\/\/www.urkide.org\/en\/wp-json\/wp\/v2\/users\/1"}],"replies":[{"embeddable":true,"href":"https:\/\/www.urkide.org\/en\/wp-json\/wp\/v2\/comments?post=15990"}],"version-history":[{"count":0,"href":"https:\/\/www.urkide.org\/en\/wp-json\/wp\/v2\/posts\/15990\/revisions"}],"wp:attachment":[{"href":"https:\/\/www.urkide.org\/en\/wp-json\/wp\/v2\/media?parent=15990"}],"wp:term":[{"taxonomy":"category","embeddable":true,"href":"https:\/\/www.urkide.org\/en\/wp-json\/wp\/v2\/categories?post=15990"},{"taxonomy":"post_tag","embeddable":true,"href":"https:\/\/www.urkide.org\/en\/wp-json\/wp\/v2\/tags?post=15990"}],"curies":[{"name":"wp","href":"https:\/\/api.w.org\/{rel}","templated":true}]}}