{"id":16004,"date":"2023-01-24T10:55:32","date_gmt":"2023-01-24T10:55:32","guid":{"rendered":"https:\/\/www.urkide.org\/resumen-del-viaje-a-soria\/"},"modified":"2023-01-24T10:55:32","modified_gmt":"2023-01-24T10:55:32","slug":"resumen-del-viaje-a-soria","status":"publish","type":"post","link":"https:\/\/www.urkide.org\/en\/resumen-del-viaje-a-soria\/","title":{"rendered":"Resumen del viaje a Soria"},"content":{"rendered":"<p>Viernes y s\u00e1bado los dedicamos a sentir a Machado desde los rincones de Soria por los que anduvieron sus pasos. Con Mar\u00eda, nuestra gu\u00eda, tuvimos la oportunidad de recorrer la ciudad; a la orilla del Duero, desde San Juan de Duero hasta San Saturio, le\u00edmos al poeta admirando el mismo paisaje que sus versos describ\u00edan; subimos al Espino a hacer real la petici\u00f3n que Antonio Machado realiz\u00f3 a Jos\u00e9 Mar\u00eda Palacio tantos a\u00f1os atr\u00e1s; y convivimos juntos, que probablemente sea uno de los mejores regalos que este viaje nos ha hecho. Un grupo excepcional que ha sabido disfrutar y sentir cada momento. Ni Machado ni Soria significar\u00e1n jam\u00e1s lo mismo para nosotros antes y despu\u00e9s del 14 de abril de 2018.<\/p>\n\n<div class=\"clearfix\"><\/div>","protected":false},"excerpt":{"rendered":"<p>Viernes y s\u00e1bado los dedicamos a sentir a Machado desde los rincones de Soria por los que anduvieron sus pasos. Con Mar\u00eda,&#8230;<\/p>\n","protected":false},"author":1,"featured_media":0,"comment_status":"open","ping_status":"open","sticky":false,"template":"","format":"standard","meta":{"footnotes":""},"categories":[],"tags":[],"class_list":["post-16004","post","type-post","status-publish","format-standard","hentry"],"_links":{"self":[{"href":"https:\/\/www.urkide.org\/en\/wp-json\/wp\/v2\/posts\/16004","targetHints":{"allow":["GET"]}}],"collection":[{"href":"https:\/\/www.urkide.org\/en\/wp-json\/wp\/v2\/posts"}],"about":[{"href":"https:\/\/www.urkide.org\/en\/wp-json\/wp\/v2\/types\/post"}],"author":[{"embeddable":true,"href":"https:\/\/www.urkide.org\/en\/wp-json\/wp\/v2\/users\/1"}],"replies":[{"embeddable":true,"href":"https:\/\/www.urkide.org\/en\/wp-json\/wp\/v2\/comments?post=16004"}],"version-history":[{"count":0,"href":"https:\/\/www.urkide.org\/en\/wp-json\/wp\/v2\/posts\/16004\/revisions"}],"wp:attachment":[{"href":"https:\/\/www.urkide.org\/en\/wp-json\/wp\/v2\/media?parent=16004"}],"wp:term":[{"taxonomy":"category","embeddable":true,"href":"https:\/\/www.urkide.org\/en\/wp-json\/wp\/v2\/categories?post=16004"},{"taxonomy":"post_tag","embeddable":true,"href":"https:\/\/www.urkide.org\/en\/wp-json\/wp\/v2\/tags?post=16004"}],"curies":[{"name":"wp","href":"https:\/\/api.w.org\/{rel}","templated":true}]}}