{"id":16005,"date":"2023-01-24T10:55:32","date_gmt":"2023-01-24T10:55:32","guid":{"rendered":"https:\/\/www.urkide.org\/el-arte-y-los-artistas\/"},"modified":"2023-01-24T10:55:32","modified_gmt":"2023-01-24T10:55:32","slug":"el-arte-y-los-artistas","status":"publish","type":"post","link":"https:\/\/www.urkide.org\/en\/el-arte-y-los-artistas\/","title":{"rendered":"El arte y los artistas"},"content":{"rendered":"<p style=\"text-align: center;\"><b>PROYECTO EDUCACI\u00d3N INFANTIL<\/b><b>: \u201c<\/b><b>EL ARTE Y LOS ARTISTAS<\/b><b>\u201d<\/b><\/p>\n<p><span style=\"font-weight: 400;\">En Infantil hemos llevado a cabo el proyecto de \u201c El Arte\u201d durante algo m\u00e1s de un mes. Todo comenz\u00f3 en Carnavales, cuando Txipiron, el Rey del Carnaval, nos anunci\u00f3 que nos deber\u00edamos disfrazar de pintores durante toda la semana. Asimismo, \u00a0nos comunic\u00f3 que le encantaba el arte, los museos y la pintura y que le gustar\u00eda ser pintor como Dal\u00ed, Van Gogh, Picasso\u2026 Nos anim\u00f3 a que llev\u00e1ramos a clase material, fotos, informaci\u00f3n de pintores, museos\u2026 Y as\u00ed lo hicimos, porque Txipiron es el Rey.<\/span><\/p>\n<p><span style=\"font-weight: 400;\">Posteriormente, cada clase eligi\u00f3 el pintor o pintora que m\u00e1s nos gustaba y llamaba la atenci\u00f3n. Los elegidos fueron: Kandinsky, Van Gogh, Mir\u00f3, Frida Kahlo, Sorolla, Dal\u00ed y Picasso. A trav\u00e9s de diferentes t\u00e9cnicas pl\u00e1sticas llevamos a cabo imitaciones de las obras de arte m\u00e1s importantes del mundo, dando un toque personal y creativo a las mismas. Pero, lo m\u00e1s importante es que disfrutamos con la realizaci\u00f3n de innumerables creaciones abstractas, surrealistas, impresionistas y gracias a ellas, desarrollamos nuestra imaginaci\u00f3n, creatividad y c\u00f3mo no, contenidos de todas las \u00e1reas: lectoescritura, matem\u00e1ticas, vocabulario, ingl\u00e9s, euskera\u2026<\/span><\/p>\n<p><span style=\"font-weight: 400;\">Finalmente, lo m\u00e1s motivador fue ver a \u00a0nuestras familias en la SUM del cole, convertida en un colorido museo. Contemplaron, evaluaron y aplaudieron nuestras obras de arte y por supuesto, escucharon atentamente nuestras claras y atractivas explicaciones. Nos convertimos, por unos momentos, en unos entusiastas gu\u00edas de un genial museo de aut\u00e9nticos artistas.<\/span><\/p>\n<div class=\"embed-responsive embed-responsive-16by9 mb-25\"><iframe loading=\"lazy\" title=\"20180418 Exposici\u00f3n arte INF en la SUM\" width=\"1170\" height=\"658\" src=\"https:\/\/www.youtube.com\/embed\/S7_cR2tjtgg?feature=oembed\" frameborder=\"0\" allow=\"accelerometer; autoplay; clipboard-write; encrypted-media; gyroscope; picture-in-picture; web-share\" allowfullscreen><\/iframe><\/div>\n<div class=\"clearfix\"><\/div>","protected":false},"excerpt":{"rendered":"<p>PROYECTO EDUCACI\u00d3N INFANTIL: \u201cEL ARTE Y LOS ARTISTAS\u201d En Infantil hemos llevado a cabo el proyecto de \u201c El Arte\u201d durante algo&#8230;<\/p>\n","protected":false},"author":1,"featured_media":0,"comment_status":"open","ping_status":"open","sticky":false,"template":"","format":"standard","meta":{"footnotes":""},"categories":[],"tags":[],"class_list":["post-16005","post","type-post","status-publish","format-standard","hentry"],"_links":{"self":[{"href":"https:\/\/www.urkide.org\/en\/wp-json\/wp\/v2\/posts\/16005","targetHints":{"allow":["GET"]}}],"collection":[{"href":"https:\/\/www.urkide.org\/en\/wp-json\/wp\/v2\/posts"}],"about":[{"href":"https:\/\/www.urkide.org\/en\/wp-json\/wp\/v2\/types\/post"}],"author":[{"embeddable":true,"href":"https:\/\/www.urkide.org\/en\/wp-json\/wp\/v2\/users\/1"}],"replies":[{"embeddable":true,"href":"https:\/\/www.urkide.org\/en\/wp-json\/wp\/v2\/comments?post=16005"}],"version-history":[{"count":0,"href":"https:\/\/www.urkide.org\/en\/wp-json\/wp\/v2\/posts\/16005\/revisions"}],"wp:attachment":[{"href":"https:\/\/www.urkide.org\/en\/wp-json\/wp\/v2\/media?parent=16005"}],"wp:term":[{"taxonomy":"category","embeddable":true,"href":"https:\/\/www.urkide.org\/en\/wp-json\/wp\/v2\/categories?post=16005"},{"taxonomy":"post_tag","embeddable":true,"href":"https:\/\/www.urkide.org\/en\/wp-json\/wp\/v2\/tags?post=16005"}],"curies":[{"name":"wp","href":"https:\/\/api.w.org\/{rel}","templated":true}]}}