{"id":16013,"date":"2023-01-24T10:55:34","date_gmt":"2023-01-24T10:55:34","guid":{"rendered":"https:\/\/www.urkide.org\/urkide-participa-en-el-udaberriko-lehiaketa-de-matematicas\/"},"modified":"2023-01-24T10:55:34","modified_gmt":"2023-01-24T10:55:34","slug":"urkide-participa-en-el-udaberriko-lehiaketa-de-matematicas","status":"publish","type":"post","link":"https:\/\/www.urkide.org\/en\/urkide-participa-en-el-udaberriko-lehiaketa-de-matematicas\/","title":{"rendered":"Urkide participa en el &#8220;Udaberriko Lehiaketa&#8221; de matem\u00e1ticas"},"content":{"rendered":"<p>Por tercer a\u00f1o consecutivo, alumnos del Colegio Urkide han participado, con \u00e9xito, en el concurso de Matem\u00e1ticas \u201cUdaberriko Lehiaketa\u201d.<\/p>\n<p>Esta prueba de habilidad de pensamiento y estrategia, cuenta con cuatro a\u00f1os de vida y la desarrolla, con ilusi\u00f3n, la UPV. De hecho, los alumnos seleccionados, despu\u00e9s de una primera fase celebrada en el colegio, realizaron la segunda y \u00faltima fase en la Facultad de Ciencia y Tecnolog\u00eda de la UPV en Leioa.<\/p>\n<p>Este a\u00f1o nos hemos presentado con alumnos de 4\u00ba de primaria a 2\u00ba de bachillerato y estamos gratamente sorprendidos por la gran participaci\u00f3n en la primera fase el concurso. Queremos agradecer a todos los participantes y a sus familias el inter\u00e9s que han mostrado por la prueba, ya que sin ellos, no se podr\u00edan llevar a cabo estas actividades tan interesantes a la vez que motivadoras, que permiten ver las matem\u00e1ticas desde un punto de vista l\u00fadico y divertido.<\/p>\n<p>Todos los profesores del centro y, en especial los de Matem\u00e1ticas, damos la enhorabuena a los m\u00e1s de 130 estudiantes que por iniciativa propia se han querido presentar, a aquellos que pasaron a la siguiente fase y \u00a1c\u00f3mo no! a la ganadora Irati Rodr\u00edguez de 4\u00ba Primaria C<\/p>\n<p>Los premiados a nivel de todo Euskadi, ser\u00e1n los protagonistas de un acto que se realizar\u00e1 en el Aula Magna de la Facultad de Ciencia y Tecnolog\u00eda de la UPV en Leioa, donde conocer\u00e1n en qu\u00e9 posici\u00f3n han quedado y recoger\u00e1n su premio.<\/p>\n<p>Volveremos a vernos el pr\u00f3ximo a\u00f1o, con el mismo \u00e9xito de participaci\u00f3n y entusiasmo.<\/p>\n<div id=\"attachment_3753\" style=\"width: 310px\" class=\"wp-caption aligncenter\"><a href=\"http:\/\/www.urkide.org\/wp-content\/uploads\/2018\/05\/20180522-Udaberriko-lehiaketa.jpg\"><img loading=\"lazy\" decoding=\"async\" aria-describedby=\"caption-attachment-3753\" class=\"size-medium wp-image-3753\" src=\"http:\/\/www.urkide.org\/wp-content\/uploads\/2018\/05\/20180522-Udaberriko-lehiaketa-300x225.jpg\" alt=\"\" width=\"300\" height=\"225\" \/><\/a><p id=\"caption-attachment-3753\" class=\"wp-caption-text\">sdr<\/p><\/div>\n<div class=\"clearfix\"><\/div>","protected":false},"excerpt":{"rendered":"<p>Por tercer a\u00f1o consecutivo, alumnos del Colegio Urkide han participado, con \u00e9xito, en el concurso de Matem\u00e1ticas \u201cUdaberriko Lehiaketa\u201d. Esta prueba de&#8230;<\/p>\n","protected":false},"author":1,"featured_media":0,"comment_status":"open","ping_status":"open","sticky":false,"template":"","format":"standard","meta":{"footnotes":""},"categories":[],"tags":[],"class_list":["post-16013","post","type-post","status-publish","format-standard","hentry"],"_links":{"self":[{"href":"https:\/\/www.urkide.org\/en\/wp-json\/wp\/v2\/posts\/16013","targetHints":{"allow":["GET"]}}],"collection":[{"href":"https:\/\/www.urkide.org\/en\/wp-json\/wp\/v2\/posts"}],"about":[{"href":"https:\/\/www.urkide.org\/en\/wp-json\/wp\/v2\/types\/post"}],"author":[{"embeddable":true,"href":"https:\/\/www.urkide.org\/en\/wp-json\/wp\/v2\/users\/1"}],"replies":[{"embeddable":true,"href":"https:\/\/www.urkide.org\/en\/wp-json\/wp\/v2\/comments?post=16013"}],"version-history":[{"count":0,"href":"https:\/\/www.urkide.org\/en\/wp-json\/wp\/v2\/posts\/16013\/revisions"}],"wp:attachment":[{"href":"https:\/\/www.urkide.org\/en\/wp-json\/wp\/v2\/media?parent=16013"}],"wp:term":[{"taxonomy":"category","embeddable":true,"href":"https:\/\/www.urkide.org\/en\/wp-json\/wp\/v2\/categories?post=16013"},{"taxonomy":"post_tag","embeddable":true,"href":"https:\/\/www.urkide.org\/en\/wp-json\/wp\/v2\/tags?post=16013"}],"curies":[{"name":"wp","href":"https:\/\/api.w.org\/{rel}","templated":true}]}}