{"id":16025,"date":"2023-01-24T10:55:36","date_gmt":"2023-01-24T10:55:36","guid":{"rendered":"https:\/\/www.urkide.org\/intercambio-francia\/"},"modified":"2023-01-24T10:55:36","modified_gmt":"2023-01-24T10:55:36","slug":"intercambio-francia","status":"publish","type":"post","link":"https:\/\/www.urkide.org\/en\/intercambio-francia\/","title":{"rendered":"Intercambio Francia"},"content":{"rendered":"<p>El pasado mes de abril, alumnos del Colegio Blanche de Castille de la ciudad de Nantes estuvieron en Urkide como parte del intercambio escolar que hacemos con dicho centro.<\/p>\n<p>Del 5 al 14 de septiembre, ha sido nuestro turno y les hemos devuelto la visita.<\/p>\n<p>Adem\u00e1s de profundizar en la maravillosa ciudad de Nantes y sus lugares m\u00e1s emblem\u00e1ticos, hemos conocido otras localidades como Vannes y Gu\u00e9rande .<\/p>\n<p>&nbsp;<\/p>\n<p><a href=\"http:\/\/www.urkide.org\/wp-content\/uploads\/2018\/09\/20180926-Fotos-Francia-1.jpg\"><img loading=\"lazy\" decoding=\"async\" class=\"aligncenter size-medium wp-image-3853\" src=\"http:\/\/www.urkide.org\/wp-content\/uploads\/2018\/09\/20180926-Fotos-Francia-1-300x225.jpg\" alt=\"\" width=\"300\" height=\"225\" \/><\/a><\/p>\n<p><a href=\"http:\/\/www.urkide.org\/wp-content\/uploads\/2018\/09\/20180926-Fotos-Francia-2.jpg\"><img loading=\"lazy\" decoding=\"async\" class=\"aligncenter size-medium wp-image-3854\" src=\"http:\/\/www.urkide.org\/wp-content\/uploads\/2018\/09\/20180926-Fotos-Francia-2-300x225.jpg\" alt=\"\" width=\"300\" height=\"225\" \/><\/a><\/p>\n<p>&nbsp;<\/p>\n<p>Hemos disfrutado igualmente de la gastronom\u00eda local e incluso hemos hecho deporte\u00a0!<\/p>\n<p><a href=\"http:\/\/www.urkide.org\/wp-content\/uploads\/2018\/09\/20180926-Fotos-Francia-3.jpg\"><img loading=\"lazy\" decoding=\"async\" class=\"aligncenter size-medium wp-image-3855\" src=\"http:\/\/www.urkide.org\/wp-content\/uploads\/2018\/09\/20180926-Fotos-Francia-3-300x225.jpg\" alt=\"\" width=\"300\" height=\"225\" \/><\/a><\/p>\n<p>&nbsp;<\/p>\n<p>Ahora s\u00f3lo nos queda esperar al siguiente. Merci beaucoup \u00e0 tous!!<\/p>\n<div class=\"clearfix\"><\/div>","protected":false},"excerpt":{"rendered":"<p>El pasado mes de abril, alumnos del Colegio Blanche de Castille de la ciudad de Nantes estuvieron en Urkide como parte del&#8230;<\/p>\n","protected":false},"author":1,"featured_media":0,"comment_status":"open","ping_status":"open","sticky":false,"template":"","format":"standard","meta":{"footnotes":""},"categories":[],"tags":[],"class_list":["post-16025","post","type-post","status-publish","format-standard","hentry"],"_links":{"self":[{"href":"https:\/\/www.urkide.org\/en\/wp-json\/wp\/v2\/posts\/16025","targetHints":{"allow":["GET"]}}],"collection":[{"href":"https:\/\/www.urkide.org\/en\/wp-json\/wp\/v2\/posts"}],"about":[{"href":"https:\/\/www.urkide.org\/en\/wp-json\/wp\/v2\/types\/post"}],"author":[{"embeddable":true,"href":"https:\/\/www.urkide.org\/en\/wp-json\/wp\/v2\/users\/1"}],"replies":[{"embeddable":true,"href":"https:\/\/www.urkide.org\/en\/wp-json\/wp\/v2\/comments?post=16025"}],"version-history":[{"count":0,"href":"https:\/\/www.urkide.org\/en\/wp-json\/wp\/v2\/posts\/16025\/revisions"}],"wp:attachment":[{"href":"https:\/\/www.urkide.org\/en\/wp-json\/wp\/v2\/media?parent=16025"}],"wp:term":[{"taxonomy":"category","embeddable":true,"href":"https:\/\/www.urkide.org\/en\/wp-json\/wp\/v2\/categories?post=16025"},{"taxonomy":"post_tag","embeddable":true,"href":"https:\/\/www.urkide.org\/en\/wp-json\/wp\/v2\/tags?post=16025"}],"curies":[{"name":"wp","href":"https:\/\/api.w.org\/{rel}","templated":true}]}}