{"id":16029,"date":"2023-01-24T10:55:38","date_gmt":"2023-01-24T10:55:38","guid":{"rendered":"https:\/\/www.urkide.org\/pisado-de-la-uva-vendimia-2018\/"},"modified":"2023-01-24T10:55:38","modified_gmt":"2023-01-24T10:55:38","slug":"pisado-de-la-uva-vendimia-2018","status":"publish","type":"post","link":"https:\/\/www.urkide.org\/en\/pisado-de-la-uva-vendimia-2018\/","title":{"rendered":"Pisado de la uva. Vendimia 2018"},"content":{"rendered":"<p><span style=\"font-weight: 400;\">El pasado jueves, 18 de octubre, los ni\u00f1os y ni\u00f1as de 2\u00ba de Infantil disfrutamos, un a\u00f1o m\u00e1s, del pisado de la uva.<\/span><\/p>\n<p><span style=\"font-weight: 400;\">En primer lugar, los profesores nos explicaron el proceso de la recogida de la uva y su \u00a0transformaci\u00f3n en mosto a trav\u00e9s de fant\u00e1sticas fotos. A continuaci\u00f3n, fuimos nosotros los aut\u00e9nticos \u00a0protagonistas del pisado y de la posterior cata del dulce y riqu\u00edsimo mosto. Guztion artean topa egin genuen elkarrekin egindako \u00a0mahats zukuarekin. Benetan pilo bat gozatu genuen.<\/span><\/p>\n\n<p>&nbsp;<\/p>\n<p>&nbsp;<\/p>\n<div class=\"clearfix\"><\/div>","protected":false},"excerpt":{"rendered":"<p>El pasado jueves, 18 de octubre, los ni\u00f1os y ni\u00f1as de 2\u00ba de Infantil disfrutamos, un a\u00f1o m\u00e1s, del pisado de la&#8230;<\/p>\n","protected":false},"author":1,"featured_media":0,"comment_status":"open","ping_status":"open","sticky":false,"template":"","format":"standard","meta":{"footnotes":""},"categories":[],"tags":[],"class_list":["post-16029","post","type-post","status-publish","format-standard","hentry"],"_links":{"self":[{"href":"https:\/\/www.urkide.org\/en\/wp-json\/wp\/v2\/posts\/16029","targetHints":{"allow":["GET"]}}],"collection":[{"href":"https:\/\/www.urkide.org\/en\/wp-json\/wp\/v2\/posts"}],"about":[{"href":"https:\/\/www.urkide.org\/en\/wp-json\/wp\/v2\/types\/post"}],"author":[{"embeddable":true,"href":"https:\/\/www.urkide.org\/en\/wp-json\/wp\/v2\/users\/1"}],"replies":[{"embeddable":true,"href":"https:\/\/www.urkide.org\/en\/wp-json\/wp\/v2\/comments?post=16029"}],"version-history":[{"count":0,"href":"https:\/\/www.urkide.org\/en\/wp-json\/wp\/v2\/posts\/16029\/revisions"}],"wp:attachment":[{"href":"https:\/\/www.urkide.org\/en\/wp-json\/wp\/v2\/media?parent=16029"}],"wp:term":[{"taxonomy":"category","embeddable":true,"href":"https:\/\/www.urkide.org\/en\/wp-json\/wp\/v2\/categories?post=16029"},{"taxonomy":"post_tag","embeddable":true,"href":"https:\/\/www.urkide.org\/en\/wp-json\/wp\/v2\/tags?post=16029"}],"curies":[{"name":"wp","href":"https:\/\/api.w.org\/{rel}","templated":true}]}}