{"id":16032,"date":"2023-01-24T10:55:38","date_gmt":"2023-01-24T10:55:38","guid":{"rendered":"https:\/\/www.urkide.org\/ariadna-aguirre-a-la-seleccion-de-alava\/"},"modified":"2023-01-24T10:55:38","modified_gmt":"2023-01-24T10:55:38","slug":"ariadna-aguirre-a-la-seleccion-de-alava","status":"publish","type":"post","link":"https:\/\/www.urkide.org\/en\/ariadna-aguirre-a-la-seleccion-de-alava\/","title":{"rendered":"Ariadna Aguirre a la Selecci\u00f3n de \u00c1lava"},"content":{"rendered":"<p>\u00a1De nuevo estamos de enhorabuena!. Por segundo a\u00f1o\u00a0consecutivo Ariadna Aguirre de nuestro Infantil A estar\u00e1 formando\u00a0parte de la selecci\u00f3n de \u00c1lava en los Campeonatos de Euskadi que\u00a0se disputar\u00e1n en Balmaseda el puente de noviembre.<\/p>\n<p><a href=\"http:\/\/www.urkide.org\/wp-content\/uploads\/2018\/10\/20181031-Ariadna.jpeg\"><img loading=\"lazy\" decoding=\"async\" class=\"aligncenter size-medium wp-image-3925\" src=\"http:\/\/www.urkide.org\/wp-content\/uploads\/2018\/10\/20181031-Ariadna-214x300.jpeg\" alt=\"\" width=\"214\" height=\"300\" \/><\/a><br \/>\nHay que felicitarse, porque del equipo Infantil han estado en\u00a0tecnificaci\u00f3n un total de 4 jugadoras: Ariadna Aguirre, Naia Ruiz,\u00a0Karla \u00c1lvarez de Eulate y Mireia Rubio, siendo esta \u00faltima el \u00faltimo\u00a0descarte antes de la competici\u00f3n.<br \/>\nPor otro lado, nuestros entrenadores estar\u00e1n tambi\u00e9n\u00a0representados en las diferentes selecciones: Dani Abascal y\u00a0Barbara Salcedo (Categor\u00eda Infantil) y Maitane Yela (Categoria\u00a0Alev\u00edn).<br \/>\nZorionak a todos y mucha suerte.<\/p>\n<div class=\"clearfix\"><\/div>","protected":false},"excerpt":{"rendered":"<p>\u00a1De nuevo estamos de enhorabuena!. Por segundo a\u00f1o\u00a0consecutivo Ariadna Aguirre de nuestro Infantil A estar\u00e1 formando\u00a0parte de la selecci\u00f3n de \u00c1lava en&#8230;<\/p>\n","protected":false},"author":1,"featured_media":0,"comment_status":"open","ping_status":"open","sticky":false,"template":"","format":"standard","meta":{"footnotes":""},"categories":[],"tags":[],"class_list":["post-16032","post","type-post","status-publish","format-standard","hentry"],"_links":{"self":[{"href":"https:\/\/www.urkide.org\/en\/wp-json\/wp\/v2\/posts\/16032","targetHints":{"allow":["GET"]}}],"collection":[{"href":"https:\/\/www.urkide.org\/en\/wp-json\/wp\/v2\/posts"}],"about":[{"href":"https:\/\/www.urkide.org\/en\/wp-json\/wp\/v2\/types\/post"}],"author":[{"embeddable":true,"href":"https:\/\/www.urkide.org\/en\/wp-json\/wp\/v2\/users\/1"}],"replies":[{"embeddable":true,"href":"https:\/\/www.urkide.org\/en\/wp-json\/wp\/v2\/comments?post=16032"}],"version-history":[{"count":0,"href":"https:\/\/www.urkide.org\/en\/wp-json\/wp\/v2\/posts\/16032\/revisions"}],"wp:attachment":[{"href":"https:\/\/www.urkide.org\/en\/wp-json\/wp\/v2\/media?parent=16032"}],"wp:term":[{"taxonomy":"category","embeddable":true,"href":"https:\/\/www.urkide.org\/en\/wp-json\/wp\/v2\/categories?post=16032"},{"taxonomy":"post_tag","embeddable":true,"href":"https:\/\/www.urkide.org\/en\/wp-json\/wp\/v2\/tags?post=16032"}],"curies":[{"name":"wp","href":"https:\/\/api.w.org\/{rel}","templated":true}]}}