{"id":16034,"date":"2023-01-24T10:55:38","date_gmt":"2023-01-24T10:55:38","guid":{"rendered":"https:\/\/www.urkide.org\/la-vuelta-al-cole\/"},"modified":"2023-01-24T10:55:38","modified_gmt":"2023-01-24T10:55:38","slug":"la-vuelta-al-cole","status":"publish","type":"post","link":"https:\/\/www.urkide.org\/en\/la-vuelta-al-cole\/","title":{"rendered":"La vuelta al cole"},"content":{"rendered":"<p><span style=\"font-family: Arial, sans-serif;\">\u00a1GRACIAS A TODOS!<\/span><\/p>\n<p><span style=\"font-family: Arial, sans-serif;\">El 26 de octubre, viernes, m\u00e1s de 500 personas entre profesores, alumnos y familiares dimos la vuelta al cole por tercera vez apoyando a la fundaci\u00f3n \u201cunoentrecienmil\u201d. Fundaci\u00f3n que organiza actividades de sensibilizaci\u00f3n y para recaudar dinero destinado a becas de investigaci\u00f3n de la leucemia infantil.<\/span><\/p>\n<p><span style=\"font-family: Arial, sans-serif;\">Gracias a todos hemos recaudado 1.442,91\u20ac, dinero ya ingresado en la citada fundaci\u00f3n.<\/span><\/p>\n<p>&nbsp;<\/p>\n<div class=\"embed-responsive embed-responsive-16by9 mb-25\"><iframe loading=\"lazy\" title=\"Vuelta al cole 2018\" width=\"1170\" height=\"658\" src=\"https:\/\/www.youtube.com\/embed\/zSTCjF5F3wo?feature=oembed\" frameborder=\"0\" allow=\"accelerometer; autoplay; clipboard-write; encrypted-media; gyroscope; picture-in-picture; web-share\" allowfullscreen><\/iframe><\/div>\n<div class=\"clearfix\"><\/div>","protected":false},"excerpt":{"rendered":"<p>\u00a1GRACIAS A TODOS! El 26 de octubre, viernes, m\u00e1s de 500 personas entre profesores, alumnos y familiares dimos la vuelta al cole&#8230;<\/p>\n","protected":false},"author":1,"featured_media":0,"comment_status":"open","ping_status":"open","sticky":false,"template":"","format":"standard","meta":{"footnotes":""},"categories":[],"tags":[],"class_list":["post-16034","post","type-post","status-publish","format-standard","hentry"],"_links":{"self":[{"href":"https:\/\/www.urkide.org\/en\/wp-json\/wp\/v2\/posts\/16034","targetHints":{"allow":["GET"]}}],"collection":[{"href":"https:\/\/www.urkide.org\/en\/wp-json\/wp\/v2\/posts"}],"about":[{"href":"https:\/\/www.urkide.org\/en\/wp-json\/wp\/v2\/types\/post"}],"author":[{"embeddable":true,"href":"https:\/\/www.urkide.org\/en\/wp-json\/wp\/v2\/users\/1"}],"replies":[{"embeddable":true,"href":"https:\/\/www.urkide.org\/en\/wp-json\/wp\/v2\/comments?post=16034"}],"version-history":[{"count":0,"href":"https:\/\/www.urkide.org\/en\/wp-json\/wp\/v2\/posts\/16034\/revisions"}],"wp:attachment":[{"href":"https:\/\/www.urkide.org\/en\/wp-json\/wp\/v2\/media?parent=16034"}],"wp:term":[{"taxonomy":"category","embeddable":true,"href":"https:\/\/www.urkide.org\/en\/wp-json\/wp\/v2\/categories?post=16034"},{"taxonomy":"post_tag","embeddable":true,"href":"https:\/\/www.urkide.org\/en\/wp-json\/wp\/v2\/tags?post=16034"}],"curies":[{"name":"wp","href":"https:\/\/api.w.org\/{rel}","templated":true}]}}