{"id":16036,"date":"2023-01-24T10:55:38","date_gmt":"2023-01-24T10:55:38","guid":{"rendered":"https:\/\/www.urkide.org\/5o-de-primaria-en-la-dramagela\/"},"modified":"2023-01-24T10:55:38","modified_gmt":"2023-01-24T10:55:38","slug":"5o-de-primaria-en-la-dramagela","status":"publish","type":"post","link":"https:\/\/www.urkide.org\/en\/5o-de-primaria-en-la-dramagela\/","title":{"rendered":"\u00a15\u00ba de Primaria en la Dramagela!"},"content":{"rendered":"<p>Los alumnos y alumnas de 5\u00ba de Primaria\u00a0han trabajado\u00a0durante este trimestre la Lengua Castellana en La Dramagela.\u00a0Un lugar enfocado a la adquisici\u00f3n y a la mejora de las competencias comunicativas b\u00e1sicas: escuchar, hablar, leer y escribir. Un espacio de expresi\u00f3n y comunicaci\u00f3n donde hacemos cosas con las palabras adapt\u00e1ndolas a la intenci\u00f3n comunicativa y vali\u00e9ndonos de los recursos que ofrecen las artes esc\u00e9nicas (cuerpo, voz, luz, sonido&#8230;).<\/p>\n\n<div class=\"clearfix\"><\/div>","protected":false},"excerpt":{"rendered":"<p>Los alumnos y alumnas de 5\u00ba de Primaria\u00a0han trabajado\u00a0durante este trimestre la Lengua Castellana en La Dramagela.\u00a0Un lugar enfocado a la adquisici\u00f3n&#8230;<\/p>\n","protected":false},"author":1,"featured_media":0,"comment_status":"open","ping_status":"open","sticky":false,"template":"","format":"standard","meta":{"footnotes":""},"categories":[],"tags":[],"class_list":["post-16036","post","type-post","status-publish","format-standard","hentry"],"_links":{"self":[{"href":"https:\/\/www.urkide.org\/en\/wp-json\/wp\/v2\/posts\/16036","targetHints":{"allow":["GET"]}}],"collection":[{"href":"https:\/\/www.urkide.org\/en\/wp-json\/wp\/v2\/posts"}],"about":[{"href":"https:\/\/www.urkide.org\/en\/wp-json\/wp\/v2\/types\/post"}],"author":[{"embeddable":true,"href":"https:\/\/www.urkide.org\/en\/wp-json\/wp\/v2\/users\/1"}],"replies":[{"embeddable":true,"href":"https:\/\/www.urkide.org\/en\/wp-json\/wp\/v2\/comments?post=16036"}],"version-history":[{"count":0,"href":"https:\/\/www.urkide.org\/en\/wp-json\/wp\/v2\/posts\/16036\/revisions"}],"wp:attachment":[{"href":"https:\/\/www.urkide.org\/en\/wp-json\/wp\/v2\/media?parent=16036"}],"wp:term":[{"taxonomy":"category","embeddable":true,"href":"https:\/\/www.urkide.org\/en\/wp-json\/wp\/v2\/categories?post=16036"},{"taxonomy":"post_tag","embeddable":true,"href":"https:\/\/www.urkide.org\/en\/wp-json\/wp\/v2\/tags?post=16036"}],"curies":[{"name":"wp","href":"https:\/\/api.w.org\/{rel}","templated":true}]}}