{"id":16070,"date":"2023-01-24T10:55:45","date_gmt":"2023-01-24T10:55:45","guid":{"rendered":"https:\/\/www.urkide.org\/taller-intercambio-de-jovenes\/"},"modified":"2023-01-24T10:55:45","modified_gmt":"2023-01-24T10:55:45","slug":"taller-intercambio-de-jovenes","status":"publish","type":"post","link":"https:\/\/www.urkide.org\/en\/taller-intercambio-de-jovenes\/","title":{"rendered":"Taller intercambio de j\u00f3venes"},"content":{"rendered":"<div class=\"embed-responsive embed-responsive-16by9 mb-25\"><iframe loading=\"lazy\" title=\"Taller intercambio de j\u00f3venes\" width=\"1170\" height=\"658\" src=\"https:\/\/www.youtube.com\/embed\/B8VG72Vs-_A?feature=oembed\" frameborder=\"0\" allow=\"accelerometer; autoplay; clipboard-write; encrypted-media; gyroscope; picture-in-picture; web-share\" allowfullscreen><\/iframe><\/div>\n<p>&nbsp;<\/p>\n<p>Haciendo <a href=\"https:\/\/colaboradores.vitoria-gasteiz.org\/participacion-aktibatu\/2019\/04\/09\/vitoria-gasteiz-marl-%F0%9F%A4%97%F0%9F%8C%8D%F0%9F%8C%90\/\" target=\"_blank\" rel=\"noopener\">clic aqu\u00ed<\/a> podr\u00e9is ver la rese\u00f1a que hay colgada sobre el intercambio con Alemania en la web del Ayuntamiento.<\/p>\n<div class=\"clearfix\"><\/div>","protected":false},"excerpt":{"rendered":"<p>&nbsp; Haciendo clic aqu\u00ed podr\u00e9is ver la rese\u00f1a que hay colgada sobre el intercambio con Alemania en la web del Ayuntamiento.<\/p>\n","protected":false},"author":1,"featured_media":0,"comment_status":"open","ping_status":"open","sticky":false,"template":"","format":"standard","meta":{"footnotes":""},"categories":[],"tags":[],"class_list":["post-16070","post","type-post","status-publish","format-standard","hentry"],"_links":{"self":[{"href":"https:\/\/www.urkide.org\/en\/wp-json\/wp\/v2\/posts\/16070","targetHints":{"allow":["GET"]}}],"collection":[{"href":"https:\/\/www.urkide.org\/en\/wp-json\/wp\/v2\/posts"}],"about":[{"href":"https:\/\/www.urkide.org\/en\/wp-json\/wp\/v2\/types\/post"}],"author":[{"embeddable":true,"href":"https:\/\/www.urkide.org\/en\/wp-json\/wp\/v2\/users\/1"}],"replies":[{"embeddable":true,"href":"https:\/\/www.urkide.org\/en\/wp-json\/wp\/v2\/comments?post=16070"}],"version-history":[{"count":0,"href":"https:\/\/www.urkide.org\/en\/wp-json\/wp\/v2\/posts\/16070\/revisions"}],"wp:attachment":[{"href":"https:\/\/www.urkide.org\/en\/wp-json\/wp\/v2\/media?parent=16070"}],"wp:term":[{"taxonomy":"category","embeddable":true,"href":"https:\/\/www.urkide.org\/en\/wp-json\/wp\/v2\/categories?post=16070"},{"taxonomy":"post_tag","embeddable":true,"href":"https:\/\/www.urkide.org\/en\/wp-json\/wp\/v2\/tags?post=16070"}],"curies":[{"name":"wp","href":"https:\/\/api.w.org\/{rel}","templated":true}]}}