{"id":16074,"date":"2023-01-24T10:55:45","date_gmt":"2023-01-24T10:55:45","guid":{"rendered":"https:\/\/www.urkide.org\/urkide-triunfa-en-el-udaberriko-lehiaketa-de-matematicas\/"},"modified":"2023-01-24T10:55:45","modified_gmt":"2023-01-24T10:55:45","slug":"urkide-triunfa-en-el-udaberriko-lehiaketa-de-matematicas","status":"publish","type":"post","link":"https:\/\/www.urkide.org\/en\/urkide-triunfa-en-el-udaberriko-lehiaketa-de-matematicas\/","title":{"rendered":"URKIDE TRIUNFA EN EL \u201cUDABERRIKO LEHIAKETA\u201d DE MATEM\u00c1TICAS"},"content":{"rendered":"<p>Por cuarto a\u00f1o consecutivo, alumnos del Colegio Urkide han participado, con \u00e9xito, en el concurso de Matem\u00e1ticas \u201cUdaberriko Lehiaketa\u201d.<\/p>\n<p>Esta prueba de habilidad de pensamiento y estrategia, cuenta con cinco a\u00f1os de vida y la desarrolla, con ilusi\u00f3n, la UPV. De hecho, los alumnos seleccionados, despu\u00e9s de una primera fase celebrada en el colegio, realizaron la segunda y \u00faltima fase en la Facultad de Ciencia y Tecnolog\u00eda de la UPV en Leioa.<\/p>\n<p>Este a\u00f1o nos hemos presentado con alumnos de 4\u00ba de primaria a 2\u00ba de bachillerato y estamos gratamente sorprendidos por la gran participaci\u00f3n en la primera fase del concurso. Queremos agradecer a todos los participantes y a sus familias el inter\u00e9s que han mostrado por la prueba, ya que sin ellos no se podr\u00edan llevar a cabo estas actividades tan interesantes a la vez que motivadoras, que permiten ver las matem\u00e1ticas desde un punto de vista l\u00fadico e, incluso, divertido.<\/p>\n<p>&nbsp;<\/p>\n<p>Todos los profesores del centro y, en especial los de Matem\u00e1ticas, damos la enhorabuena a todos los participantes, tanto a los que no han pasado a la segunda fase, que fueron m\u00e1s de 130 estudiantes, como a los que s\u00ed, y tanto a los ganadores, como a los que se han quedado a las puertas.<\/p>\n<p>Los premiados de toda la comunidad, entre los que se encuentran nuestros compa\u00f1eros Ana Hornas (4\u00ba Primaria), Pablo Ruiz de Angulo (2\u00ba ESO) y Alberto Ruiz de Az\u00faa (2\u00ba Bachillerato), \u00a0ser\u00e1n los protagonistas de un acto que se realizar\u00e1 en el Aula Magna de la Facultad de Ciencia y Tecnolog\u00eda de la UPV en Leioa, donde conocer\u00e1n en qu\u00e9 posici\u00f3n han quedado y recoger\u00e1n su premio.<\/p>\n<p>&nbsp;<\/p>\n<p>Volveremos a vernos el pr\u00f3ximo a\u00f1o, esperamos que, con el mismo \u00e9xito de participaci\u00f3n y con los mismos o mejores resultados.<\/p>\n<div class=\"clearfix\"><\/div>","protected":false},"excerpt":{"rendered":"<p>Por cuarto a\u00f1o consecutivo, alumnos del Colegio Urkide han participado, con \u00e9xito, en el concurso de Matem\u00e1ticas \u201cUdaberriko Lehiaketa\u201d. Esta prueba de&#8230;<\/p>\n","protected":false},"author":1,"featured_media":0,"comment_status":"open","ping_status":"open","sticky":false,"template":"","format":"standard","meta":{"footnotes":""},"categories":[],"tags":[],"class_list":["post-16074","post","type-post","status-publish","format-standard","hentry"],"_links":{"self":[{"href":"https:\/\/www.urkide.org\/en\/wp-json\/wp\/v2\/posts\/16074","targetHints":{"allow":["GET"]}}],"collection":[{"href":"https:\/\/www.urkide.org\/en\/wp-json\/wp\/v2\/posts"}],"about":[{"href":"https:\/\/www.urkide.org\/en\/wp-json\/wp\/v2\/types\/post"}],"author":[{"embeddable":true,"href":"https:\/\/www.urkide.org\/en\/wp-json\/wp\/v2\/users\/1"}],"replies":[{"embeddable":true,"href":"https:\/\/www.urkide.org\/en\/wp-json\/wp\/v2\/comments?post=16074"}],"version-history":[{"count":0,"href":"https:\/\/www.urkide.org\/en\/wp-json\/wp\/v2\/posts\/16074\/revisions"}],"wp:attachment":[{"href":"https:\/\/www.urkide.org\/en\/wp-json\/wp\/v2\/media?parent=16074"}],"wp:term":[{"taxonomy":"category","embeddable":true,"href":"https:\/\/www.urkide.org\/en\/wp-json\/wp\/v2\/categories?post=16074"},{"taxonomy":"post_tag","embeddable":true,"href":"https:\/\/www.urkide.org\/en\/wp-json\/wp\/v2\/tags?post=16074"}],"curies":[{"name":"wp","href":"https:\/\/api.w.org\/{rel}","templated":true}]}}