{"id":16080,"date":"2023-01-24T10:55:48","date_gmt":"2023-01-24T10:55:48","guid":{"rendered":"https:\/\/www.urkide.org\/cinco-alumnos-de-urkide-en-el-congreso-iberdrola-investiga-i-d-i-2019\/"},"modified":"2023-01-24T10:55:48","modified_gmt":"2023-01-24T10:55:48","slug":"cinco-alumnos-de-urkide-en-el-congreso-iberdrola-investiga-i-d-i-2019","status":"publish","type":"post","link":"https:\/\/www.urkide.org\/en\/cinco-alumnos-de-urkide-en-el-congreso-iberdrola-investiga-i-d-i-2019\/","title":{"rendered":"Cinco alumnos de Urkide en el Congreso Iberdrola Investiga I + D+ i  2019"},"content":{"rendered":"<p>Por sexto a\u00f1o consecutivo,\u00a0<strong>cinco alumnos de 4\u00ba de ESO del Colegio<\/strong>\u00a0han participado en el Congreso\u00a0<strong>\u201cIberdrola Investiga I+D+i\u201d<\/strong>\u00a0que se celebr\u00f3 en Madrid los d\u00edas 10, 11 y 12 de mayo.<\/p>\n<p>El programa acerca al mundo investigador profundizando sobre temas cient\u00edfico-t\u00e9cnicos de actualidad de una forma amena, usando t\u00e9cnicas de \u201cpeer learning\u201d y trabajo en equipo asesorados por cient\u00edficos expertos de cada \u00e1rea. As\u00ed mismo permite colaborar en importantes centros de investigaci\u00f3n espa\u00f1oles y conocer empresas innovadoras y laboratorios de investigaci\u00f3n de referencia internacional.<\/p>\n<p><strong>El programa Iberdrola Investiga I+D+i ha sido galardonado con el premio a la mejor iniciativa que educa en valores y trabajo en equipo 2014<\/strong>, un reconocimiento a la constante labor educativa desarrollada a trav\u00e9s del programa. Cuenta asimismo con la colaboraci\u00f3n de las principales instituciones p\u00fablicas de investigaci\u00f3n en Espa\u00f1a.<\/p>\n<p>Los cinco alumnos han compartido actividades y trabajos con alumnos de otros diecinueve Centros Educativos de todo Espa\u00f1a y sesiones con expertos del CSIC de diferentes campos.<\/p>\n<p><img loading=\"lazy\" decoding=\"async\" class=\"aligncenter wp-image-4514 size-medium\" src=\"http:\/\/www.urkide.org\/wp-content\/uploads\/2019\/05\/20190529-Congreso-Iberdrola-300x169.jpg\" width=\"300\" height=\"169\" \/><\/p>\n<p>Los alumnos seleccionados y los trabajos de investigaci\u00f3n presentados han sido los siguientes:<\/p>\n<ul>\n<li><strong>Judith Caballero Villamor<\/strong>: L\u00ednea de Biociencias: &#8220;Diagn\u00f3stico y terapia g\u00e9nica&#8221;<\/li>\n<li><strong>Eider Del\u00a0<\/strong><strong>Hoyo<\/strong><strong>\u00a0Lasa<\/strong>: L\u00ednea de Energ\u00eda y medioambiente: \u201cMovilidad El\u00e9ctrica\u201d<\/li>\n<li><strong>Bruno \u00c1lvarez Ortega<\/strong>: L\u00ednea de Ciencias del Espacio: \u201cB\u00fasqueda de recursos extraterrestres\u201d<\/li>\n<li><strong>Sergio Caballero Cuber<\/strong>: L\u00ednea de Nanotecnolog\u00eda y nuevos materiales \u201c Nanotecnolog\u00eda para los retos energ\u00e9ticos y medioambientales\u201d<\/li>\n<li><strong>Tania P\u00e9rez Barreno<\/strong>: L\u00ednea de Tecnolog\u00edas de la Informaci\u00f3n y las Comunicaciones \u201cTecnolog\u00eda Blockchain\u201d<\/li>\n<\/ul>\n<p style=\"text-align: center;\"><strong>\u00a1\u00a1\u00a1ENHORABUENA A TODOS!!!<\/strong><\/p>\n<div class=\"clearfix\"><\/div>","protected":false},"excerpt":{"rendered":"<p>Por sexto a\u00f1o consecutivo,\u00a0cinco alumnos de 4\u00ba de ESO del Colegio\u00a0han participado en el Congreso\u00a0\u201cIberdrola Investiga I+D+i\u201d\u00a0que se celebr\u00f3 en Madrid los&#8230;<\/p>\n","protected":false},"author":1,"featured_media":0,"comment_status":"open","ping_status":"open","sticky":false,"template":"","format":"standard","meta":{"footnotes":""},"categories":[],"tags":[],"class_list":["post-16080","post","type-post","status-publish","format-standard","hentry"],"_links":{"self":[{"href":"https:\/\/www.urkide.org\/en\/wp-json\/wp\/v2\/posts\/16080","targetHints":{"allow":["GET"]}}],"collection":[{"href":"https:\/\/www.urkide.org\/en\/wp-json\/wp\/v2\/posts"}],"about":[{"href":"https:\/\/www.urkide.org\/en\/wp-json\/wp\/v2\/types\/post"}],"author":[{"embeddable":true,"href":"https:\/\/www.urkide.org\/en\/wp-json\/wp\/v2\/users\/1"}],"replies":[{"embeddable":true,"href":"https:\/\/www.urkide.org\/en\/wp-json\/wp\/v2\/comments?post=16080"}],"version-history":[{"count":0,"href":"https:\/\/www.urkide.org\/en\/wp-json\/wp\/v2\/posts\/16080\/revisions"}],"wp:attachment":[{"href":"https:\/\/www.urkide.org\/en\/wp-json\/wp\/v2\/media?parent=16080"}],"wp:term":[{"taxonomy":"category","embeddable":true,"href":"https:\/\/www.urkide.org\/en\/wp-json\/wp\/v2\/categories?post=16080"},{"taxonomy":"post_tag","embeddable":true,"href":"https:\/\/www.urkide.org\/en\/wp-json\/wp\/v2\/tags?post=16080"}],"curies":[{"name":"wp","href":"https:\/\/api.w.org\/{rel}","templated":true}]}}