{"id":16111,"date":"2023-01-24T10:55:53","date_gmt":"2023-01-24T10:55:53","guid":{"rendered":"https:\/\/www.urkide.org\/oferta-de-empleo-profesor-de-euskera\/"},"modified":"2023-01-24T10:55:53","modified_gmt":"2023-01-24T10:55:53","slug":"oferta-de-empleo-profesor-de-euskera","status":"publish","type":"post","link":"https:\/\/www.urkide.org\/en\/oferta-de-empleo-profesor-de-euskera\/","title":{"rendered":"Oferta de empleo: Profesor de euskera"},"content":{"rendered":"<div>Para cubrir una baja en un puesto de profesor\/a de Euskera de ESO y Bachillerato, se necesitan personas con uno de estos dos perfiles:<\/div>\n<div>\n<ul>\n<li>Licenciatura de Filolog\u00eda Vasca o Grado en Filolog\u00eda Vasca o Grado en Estudios Vascos\u00a0+ M\u00e1ster de Formaci\u00f3n del Profesorado o CAP.<\/li>\n<li>Licenciatura o grado en otra Filolog\u00eda\u00a0+ M\u00e1ster de Formaci\u00f3n del Profesorado o CAP + t\u00edtulo de nivel C1 o C2 de euskera (nivel muy alto).<\/li>\n<\/ul>\n<div>Los interesados\/as pueden mandar sus curr\u00edculums a\u00a0<a href=\"mailto:cv@urkide.org\" target=\"_blank\" rel=\"noopener\">cv@urkide.org<\/a>.<\/div>\n<\/div>\n<div class=\"clearfix\"><\/div>","protected":false},"excerpt":{"rendered":"<p>Para cubrir una baja en un puesto de profesor\/a de Euskera de ESO y Bachillerato, se necesitan personas con uno de estos&#8230;<\/p>\n","protected":false},"author":1,"featured_media":0,"comment_status":"open","ping_status":"open","sticky":false,"template":"","format":"standard","meta":{"footnotes":""},"categories":[],"tags":[],"class_list":["post-16111","post","type-post","status-publish","format-standard","hentry"],"_links":{"self":[{"href":"https:\/\/www.urkide.org\/en\/wp-json\/wp\/v2\/posts\/16111","targetHints":{"allow":["GET"]}}],"collection":[{"href":"https:\/\/www.urkide.org\/en\/wp-json\/wp\/v2\/posts"}],"about":[{"href":"https:\/\/www.urkide.org\/en\/wp-json\/wp\/v2\/types\/post"}],"author":[{"embeddable":true,"href":"https:\/\/www.urkide.org\/en\/wp-json\/wp\/v2\/users\/1"}],"replies":[{"embeddable":true,"href":"https:\/\/www.urkide.org\/en\/wp-json\/wp\/v2\/comments?post=16111"}],"version-history":[{"count":0,"href":"https:\/\/www.urkide.org\/en\/wp-json\/wp\/v2\/posts\/16111\/revisions"}],"wp:attachment":[{"href":"https:\/\/www.urkide.org\/en\/wp-json\/wp\/v2\/media?parent=16111"}],"wp:term":[{"taxonomy":"category","embeddable":true,"href":"https:\/\/www.urkide.org\/en\/wp-json\/wp\/v2\/categories?post=16111"},{"taxonomy":"post_tag","embeddable":true,"href":"https:\/\/www.urkide.org\/en\/wp-json\/wp\/v2\/tags?post=16111"}],"curies":[{"name":"wp","href":"https:\/\/api.w.org\/{rel}","templated":true}]}}