{"id":16112,"date":"2023-01-24T10:55:53","date_gmt":"2023-01-24T10:55:53","guid":{"rendered":"https:\/\/www.urkide.org\/fll-2019-20\/"},"modified":"2023-01-24T10:55:53","modified_gmt":"2023-01-24T10:55:53","slug":"fll-2019-20","status":"publish","type":"post","link":"https:\/\/www.urkide.org\/en\/fll-2019-20\/","title":{"rendered":"FLL 2019-20"},"content":{"rendered":"<p align=\"justify\"><span style=\"font-family: Arial, sans-serif;\">Este pasado s\u00e1bado 8 de febrero <\/span><span style=\"font-family: Arial, sans-serif;\"><b>los dos equipos del colegio consiguieron un premio en la fase de Euskadi de la First Lego League (FLL)<\/b><\/span><span style=\"font-family: Arial, sans-serif;\"> que se celebr\u00f3 en Arrasate-Mondrag\u00f3n. <\/span><span style=\"font-family: Arial, sans-serif;\">En el\u00a0Desaf\u00edo CITY SHAPER de este a\u00f1o<\/span><b><span style=\"font-family: Arial, sans-serif;\">, los equipos ten\u00edan que identificar un problema de un edificio o espacio p\u00fablico de su comunidad y proponer una soluci\u00f3n innovadora que compartan con los dem\u00e1s.<\/span><\/b><\/p>\n<p align=\"justify\"><span style=\"font-family: Arial, sans-serif;\"><b>El equipo Legokide consigui\u00f3 el premio a los valores<\/b><\/span><span style=\"font-family: Arial, sans-serif;\"> y el jurado valor\u00f3 especialmente el ambiente dentro del equipo y la creatividad en las presentaciones.<\/span><\/p>\n<p align=\"justify\"><span style=\"font-family: Arial, sans-serif;\"><b>Legokide 2, en cambio, consigui\u00f3 el premio al emprendimiento<\/b><\/span><span style=\"font-family: Arial, sans-serif;\"> y, en este caso, se valor\u00f3 muy positivamente las presentaciones realizadas y la actitud del equipo.<\/span><\/p>\n<p align=\"center\"><span style=\"font-family: Arial, sans-serif;\"><span style=\"font-size: large;\"><b>\u00a1\u00a1Enhorabuena y muchas gracias a los miembros de equipo, a los entrenadores y a las familias que pudieron disfrutar del d\u00eda con el equipo!!<\/b><\/span><\/span><\/p>\n\n<div class=\"clearfix\"><\/div>","protected":false},"excerpt":{"rendered":"<p>Este pasado s\u00e1bado 8 de febrero los dos equipos del colegio consiguieron un premio en la fase de Euskadi de la First&#8230;<\/p>\n","protected":false},"author":1,"featured_media":0,"comment_status":"open","ping_status":"open","sticky":false,"template":"","format":"standard","meta":{"footnotes":""},"categories":[],"tags":[],"class_list":["post-16112","post","type-post","status-publish","format-standard","hentry"],"_links":{"self":[{"href":"https:\/\/www.urkide.org\/en\/wp-json\/wp\/v2\/posts\/16112","targetHints":{"allow":["GET"]}}],"collection":[{"href":"https:\/\/www.urkide.org\/en\/wp-json\/wp\/v2\/posts"}],"about":[{"href":"https:\/\/www.urkide.org\/en\/wp-json\/wp\/v2\/types\/post"}],"author":[{"embeddable":true,"href":"https:\/\/www.urkide.org\/en\/wp-json\/wp\/v2\/users\/1"}],"replies":[{"embeddable":true,"href":"https:\/\/www.urkide.org\/en\/wp-json\/wp\/v2\/comments?post=16112"}],"version-history":[{"count":0,"href":"https:\/\/www.urkide.org\/en\/wp-json\/wp\/v2\/posts\/16112\/revisions"}],"wp:attachment":[{"href":"https:\/\/www.urkide.org\/en\/wp-json\/wp\/v2\/media?parent=16112"}],"wp:term":[{"taxonomy":"category","embeddable":true,"href":"https:\/\/www.urkide.org\/en\/wp-json\/wp\/v2\/categories?post=16112"},{"taxonomy":"post_tag","embeddable":true,"href":"https:\/\/www.urkide.org\/en\/wp-json\/wp\/v2\/tags?post=16112"}],"curies":[{"name":"wp","href":"https:\/\/api.w.org\/{rel}","templated":true}]}}