{"id":16115,"date":"2023-01-24T10:55:53","date_gmt":"2023-01-24T10:55:53","guid":{"rendered":"https:\/\/www.urkide.org\/100-mejores-colegios-del-periodico-el-mundo-2\/"},"modified":"2023-01-24T10:55:53","modified_gmt":"2023-01-24T10:55:53","slug":"100-mejores-colegios-del-periodico-el-mundo-2","status":"publish","type":"post","link":"https:\/\/www.urkide.org\/en\/100-mejores-colegios-del-periodico-el-mundo-2\/","title":{"rendered":"100 mejores colegios del peri\u00f3dico \u201cEl Mundo\u201d"},"content":{"rendered":"<p>Un a\u00f1o m\u00e1s, el pasado mi\u00e9rcoles\u00a04 de marzo, el peri\u00f3dico \u201cEl Mundo\u201d public\u00f3 la lista de los 100 mejores colegios concertados y privados de Espa\u00f1a. En dicha lista aparecemos en el lugar 48 con 86 puntos sobre 100.<\/p>\n<p><strong>Seguimos siendo el primer centro de \u00c1lava y el sexto de Euskadi.<\/strong><\/p>\n<p>Para elaborar el presente listado los colegios que as\u00ed lo desean deben de enviar un extenso dossier en el que se explica la gesti\u00f3n general de cada Centro y las actividades que desarrolla. Con estos documentos elaboran el listado de los mejores centros. El mantenernos en estas posiciones y con estas puntuaciones supone un nuevo reconocimiento a la labor que desarrollamos todos\/as y un nuevo impulso nuestra forma de trabajar.<\/p>\n<p><strong>Gracias a todos\/as porque estos reconocimientos no son posibles sin la implicaci\u00f3n y el trabajo conjunto de personal, familias y alumnado.<\/strong><\/p>\n<p><a href=\"http:\/\/www.urkide.org\/wp-content\/uploads\/2020\/03\/20200305-logo-el-mundo.jpg\"><img loading=\"lazy\" decoding=\"async\" class=\"aligncenter size-full wp-image-4841\" src=\"http:\/\/www.urkide.org\/wp-content\/uploads\/2020\/03\/20200305-logo-el-mundo.jpg\" alt=\"\" width=\"696\" height=\"396\" \/><\/a><\/p>\n<div class=\"clearfix\"><\/div>","protected":false},"excerpt":{"rendered":"<p>Un a\u00f1o m\u00e1s, el pasado mi\u00e9rcoles\u00a04 de marzo, el peri\u00f3dico \u201cEl Mundo\u201d public\u00f3 la lista de los 100 mejores colegios concertados y&#8230;<\/p>\n","protected":false},"author":1,"featured_media":0,"comment_status":"open","ping_status":"open","sticky":false,"template":"","format":"standard","meta":{"footnotes":""},"categories":[],"tags":[],"class_list":["post-16115","post","type-post","status-publish","format-standard","hentry"],"_links":{"self":[{"href":"https:\/\/www.urkide.org\/en\/wp-json\/wp\/v2\/posts\/16115","targetHints":{"allow":["GET"]}}],"collection":[{"href":"https:\/\/www.urkide.org\/en\/wp-json\/wp\/v2\/posts"}],"about":[{"href":"https:\/\/www.urkide.org\/en\/wp-json\/wp\/v2\/types\/post"}],"author":[{"embeddable":true,"href":"https:\/\/www.urkide.org\/en\/wp-json\/wp\/v2\/users\/1"}],"replies":[{"embeddable":true,"href":"https:\/\/www.urkide.org\/en\/wp-json\/wp\/v2\/comments?post=16115"}],"version-history":[{"count":0,"href":"https:\/\/www.urkide.org\/en\/wp-json\/wp\/v2\/posts\/16115\/revisions"}],"wp:attachment":[{"href":"https:\/\/www.urkide.org\/en\/wp-json\/wp\/v2\/media?parent=16115"}],"wp:term":[{"taxonomy":"category","embeddable":true,"href":"https:\/\/www.urkide.org\/en\/wp-json\/wp\/v2\/categories?post=16115"},{"taxonomy":"post_tag","embeddable":true,"href":"https:\/\/www.urkide.org\/en\/wp-json\/wp\/v2\/tags?post=16115"}],"curies":[{"name":"wp","href":"https:\/\/api.w.org\/{rel}","templated":true}]}}