{"id":16118,"date":"2023-01-24T10:55:53","date_gmt":"2023-01-24T10:55:53","guid":{"rendered":"https:\/\/www.urkide.org\/informacion-de-interes-desde-unicef\/"},"modified":"2023-01-24T10:55:53","modified_gmt":"2023-01-24T10:55:53","slug":"informacion-de-interes-desde-unicef","status":"publish","type":"post","link":"https:\/\/www.urkide.org\/en\/informacion-de-interes-desde-unicef\/","title":{"rendered":"Informaci\u00f3n de inter\u00e9s desde UNICEF"},"content":{"rendered":"<table>\n<tbody>\n<tr>\n<td><a href=\"http:\/\/www.urkide.org\/wp-content\/uploads\/2020\/03\/20200323-UNICEF-Foto-1.jpg\"><img loading=\"lazy\" decoding=\"async\" class=\"aligncenter size-full wp-image-4867\" src=\"http:\/\/www.urkide.org\/wp-content\/uploads\/2020\/03\/20200323-UNICEF-Foto-1.jpg\" alt=\"\" width=\"296\" height=\"197\" \/><\/a><\/p>\n<p><a href=\"https:\/\/www.unicef.es\/noticia\/coronavirus-como-ayudar-los-ninos-sobrellevar-el-estres\" target=\"_blank\" rel=\"noopener\">Coronavirus: \u00bfc\u00f3mo ayudar a los ni\u00f1os a sobrellevar el estr\u00e9s?<\/a><\/td>\n<td><a href=\"http:\/\/www.urkide.org\/wp-content\/uploads\/2020\/03\/20200323-UNICEF-Foto-2.jpg\"><img loading=\"lazy\" decoding=\"async\" class=\"aligncenter size-full wp-image-4868\" src=\"http:\/\/www.urkide.org\/wp-content\/uploads\/2020\/03\/20200323-UNICEF-Foto-2.jpg\" alt=\"\" width=\"295\" height=\"197\" \/><\/a><\/p>\n<p><a href=\"https:\/\/www.unicef.es\/educa\/blog\/explicar-epidemia-educacion-infantil\" target=\"_blank\" rel=\"noopener\">\u00bfC\u00f3mo explico una epidemia a los m\u00e1s peque\u00f1os?<\/a><\/td>\n<\/tr>\n<tr>\n<td><a href=\"http:\/\/www.urkide.org\/wp-content\/uploads\/2020\/03\/20200323-UNICEF-Foto-3.jpg\"><img loading=\"lazy\" decoding=\"async\" class=\"aligncenter size-full wp-image-4869\" src=\"http:\/\/www.urkide.org\/wp-content\/uploads\/2020\/03\/20200323-UNICEF-Foto-3.jpg\" alt=\"\" width=\"294\" height=\"197\" \/><\/a><\/p>\n<p><a href=\"https:\/\/www.unicef.es\/educa\/blog\/uso-saludable-tics\" target=\"_blank\" rel=\"noopener\">Para plantar cara al nuevo coronavirus en casa: uso saludable de las TICs<\/a><\/td>\n<td><a href=\"http:\/\/www.urkide.org\/wp-content\/uploads\/2020\/03\/20200323-UNICEF-Foto-4.jpg\"><img loading=\"lazy\" decoding=\"async\" class=\"aligncenter size-full wp-image-4870\" src=\"http:\/\/www.urkide.org\/wp-content\/uploads\/2020\/03\/20200323-UNICEF-Foto-4.jpg\" alt=\"\" width=\"298\" height=\"197\" \/><\/a><\/p>\n<p><a href=\"https:\/\/www.unicef.es\/noticia\/coronavirus-como-afecta-los-ninos\" target=\"_blank\" rel=\"noopener\">Coronavirus: c\u00f3mo afecta a los ni\u00f1os\u00a0y ni\u00f1as<\/a><\/td>\n<\/tr>\n<tr>\n<td><a href=\"http:\/\/www.urkide.org\/wp-content\/uploads\/2020\/03\/20200323-UNICEF-Foto-5.jpg\"><img loading=\"lazy\" decoding=\"async\" class=\"aligncenter size-full wp-image-4871\" src=\"http:\/\/www.urkide.org\/wp-content\/uploads\/2020\/03\/20200323-UNICEF-Foto-5.jpg\" alt=\"\" width=\"295\" height=\"197\" \/><\/a><\/p>\n<p><a href=\"https:\/\/www.unicef.es\/noticia\/5-bulos-sobre-el-coronavirus-y-la-infancia\" target=\"_blank\" rel=\"noopener\">5 bulos sobre el\u00a0coronavirus\u00a0y la infancia<\/a><\/td>\n<td><a href=\"http:\/\/www.urkide.org\/wp-content\/uploads\/2020\/03\/20200323-UNICEF-Foto-6.jpg\"><img loading=\"lazy\" decoding=\"async\" class=\"aligncenter size-full wp-image-4872\" src=\"http:\/\/www.urkide.org\/wp-content\/uploads\/2020\/03\/20200323-UNICEF-Foto-6.jpg\" alt=\"\" width=\"300\" height=\"200\" \/><\/a><\/p>\n<p><a href=\"https:\/\/www.unicef.es\/educa\/blog\/covid19-por-que-es-importante-educar-sobre-el-nuevo-coronavirus\" target=\"_blank\" rel=\"noopener\">\u00bfPor qu\u00e9 es importante educar en el coronavirus?<\/a><\/td>\n<\/tr>\n<\/tbody>\n<\/table>\n<p>&nbsp;<\/p>\n<p>&nbsp;<\/p>\n<p>&nbsp;<\/p>\n<div class=\"clearfix\"><\/div>","protected":false},"excerpt":{"rendered":"<p>Coronavirus: \u00bfc\u00f3mo ayudar a los ni\u00f1os a sobrellevar el estr\u00e9s? \u00bfC\u00f3mo explico una epidemia a los m\u00e1s peque\u00f1os? Para plantar cara al&#8230;<\/p>\n","protected":false},"author":1,"featured_media":0,"comment_status":"open","ping_status":"open","sticky":false,"template":"","format":"standard","meta":{"footnotes":""},"categories":[],"tags":[],"class_list":["post-16118","post","type-post","status-publish","format-standard","hentry"],"_links":{"self":[{"href":"https:\/\/www.urkide.org\/en\/wp-json\/wp\/v2\/posts\/16118","targetHints":{"allow":["GET"]}}],"collection":[{"href":"https:\/\/www.urkide.org\/en\/wp-json\/wp\/v2\/posts"}],"about":[{"href":"https:\/\/www.urkide.org\/en\/wp-json\/wp\/v2\/types\/post"}],"author":[{"embeddable":true,"href":"https:\/\/www.urkide.org\/en\/wp-json\/wp\/v2\/users\/1"}],"replies":[{"embeddable":true,"href":"https:\/\/www.urkide.org\/en\/wp-json\/wp\/v2\/comments?post=16118"}],"version-history":[{"count":0,"href":"https:\/\/www.urkide.org\/en\/wp-json\/wp\/v2\/posts\/16118\/revisions"}],"wp:attachment":[{"href":"https:\/\/www.urkide.org\/en\/wp-json\/wp\/v2\/media?parent=16118"}],"wp:term":[{"taxonomy":"category","embeddable":true,"href":"https:\/\/www.urkide.org\/en\/wp-json\/wp\/v2\/categories?post=16118"},{"taxonomy":"post_tag","embeddable":true,"href":"https:\/\/www.urkide.org\/en\/wp-json\/wp\/v2\/tags?post=16118"}],"curies":[{"name":"wp","href":"https:\/\/api.w.org\/{rel}","templated":true}]}}