{"id":16140,"date":"2023-01-24T10:55:59","date_gmt":"2023-01-24T10:55:59","guid":{"rendered":"https:\/\/www.urkide.org\/urkide-participa-en-la-jornada-de-innovabide\/"},"modified":"2023-01-24T10:55:59","modified_gmt":"2023-01-24T10:55:59","slug":"urkide-participa-en-la-jornada-de-innovabide","status":"publish","type":"post","link":"https:\/\/www.urkide.org\/en\/urkide-participa-en-la-jornada-de-innovabide\/","title":{"rendered":"Urkide participa en la Jornada de Innovabide"},"content":{"rendered":"<p>El Colegio Urkide ha participado con la buena pr\u00e1ctica <strong>\u201cUrkide Bidean, llevando la seguridad vial al aula\u201d<\/strong> en la Jornada organizada por la <strong>Red Innovabide \u201cExpandiendo la Red y el conocimiento<\/strong>\u201d. Esta jornada se celebr\u00f3 ayer, 26 de noviembre, de 11,30h a 13,30h en formato virtual.<\/p>\n<p><a href=\"http:\/\/www.urkide.org\/wp-content\/uploads\/2020\/11\/20201127-Innovabide-3.jpg\"><img loading=\"lazy\" decoding=\"async\" class=\"aligncenter size-full wp-image-5245\" src=\"http:\/\/www.urkide.org\/wp-content\/uploads\/2020\/11\/20201127-Innovabide-3.jpg\" alt=\"\" width=\"364\" height=\"138\" \/><\/a><\/p>\n<p>Urkide forma parte de Innovabide desde hace dos a\u00f1os, una red de empresas vascas comprometidas con la seguridad vial y, de la mano de Aitor P\u00e9rez de San Rom\u00e1n y F\u00e9lix Saenz de Ugarte, se ha dado a conocer c\u00f3mo se va a incorporar en el sistema organizativo \u201cUrkide Bidean\u201d todo el apartado de sensibilizaci\u00f3n en pro de una movilidad segura.<\/p>\n<p>&nbsp;<\/p>\n\n<div class=\"clearfix\"><\/div>","protected":false},"excerpt":{"rendered":"<p>El Colegio Urkide ha participado con la buena pr\u00e1ctica \u201cUrkide Bidean, llevando la seguridad vial al aula\u201d en la Jornada organizada por&#8230;<\/p>\n","protected":false},"author":1,"featured_media":0,"comment_status":"open","ping_status":"open","sticky":false,"template":"","format":"standard","meta":{"footnotes":""},"categories":[],"tags":[],"class_list":["post-16140","post","type-post","status-publish","format-standard","hentry"],"_links":{"self":[{"href":"https:\/\/www.urkide.org\/en\/wp-json\/wp\/v2\/posts\/16140","targetHints":{"allow":["GET"]}}],"collection":[{"href":"https:\/\/www.urkide.org\/en\/wp-json\/wp\/v2\/posts"}],"about":[{"href":"https:\/\/www.urkide.org\/en\/wp-json\/wp\/v2\/types\/post"}],"author":[{"embeddable":true,"href":"https:\/\/www.urkide.org\/en\/wp-json\/wp\/v2\/users\/1"}],"replies":[{"embeddable":true,"href":"https:\/\/www.urkide.org\/en\/wp-json\/wp\/v2\/comments?post=16140"}],"version-history":[{"count":0,"href":"https:\/\/www.urkide.org\/en\/wp-json\/wp\/v2\/posts\/16140\/revisions"}],"wp:attachment":[{"href":"https:\/\/www.urkide.org\/en\/wp-json\/wp\/v2\/media?parent=16140"}],"wp:term":[{"taxonomy":"category","embeddable":true,"href":"https:\/\/www.urkide.org\/en\/wp-json\/wp\/v2\/categories?post=16140"},{"taxonomy":"post_tag","embeddable":true,"href":"https:\/\/www.urkide.org\/en\/wp-json\/wp\/v2\/tags?post=16140"}],"curies":[{"name":"wp","href":"https:\/\/api.w.org\/{rel}","templated":true}]}}