{"id":16149,"date":"2023-01-24T10:56:01","date_gmt":"2023-01-24T10:56:01","guid":{"rendered":"https:\/\/www.urkide.org\/txipiron-en-infantil\/"},"modified":"2023-01-24T10:56:01","modified_gmt":"2023-01-24T10:56:01","slug":"txipiron-en-infantil","status":"publish","type":"post","link":"https:\/\/www.urkide.org\/en\/txipiron-en-infantil\/","title":{"rendered":"\u00a1Txipir\u00f3n en Infantil!"},"content":{"rendered":"<p>Txipiron, el Rey del Carnaval de Infantil, dio por concluido el Carnaval 21 el pasado viernes 12 de Febrero.<\/p>\n<p>Nuestro Rey del Carnaval nos dio la bienvenida el lunes anterior a trav\u00e9s de una video llamada, que llev\u00f3 a cabo desde la jungla, su tierra natal. Nos aconsej\u00f3 a que nos lavemos las manos frecuentemente, que abramos las ventanas de clase y, del mismo modo, nos\u00a0 anim\u00f3 a que nos disfraz\u00e1ramos el \u00faltimo d\u00eda de la semana con nuestro disfraz favorito que tuvi\u00e9ramos en casa.<\/p>\n<p>Durante la semana estuvo en el pasillo de Infantil toda la familia: Txipiron, Txipirona y los babies Txipi y Ron. Todos les dijimos piropos, cosas bonitas y adem\u00e1s, les regalamos muchos dibujos. Asimismo, llevamos a cabo muchas y diversas actividades relacionadas con el Carnaval.<\/p>\n<p>El viernes, en su despedida, bajo una intensa lluvia, nos expres\u00f3 su alegr\u00eda porque \u00e9ramos unos ni\u00f1os y ni\u00f1as muy responsables, educados, amables, simp\u00e1ticos, respetuosos y ordenados.<\/p>\n<p>Finalmente, Txipiron se despidi\u00f3 hasta el Carnaval del 2022. Nos manifest\u00f3 que el a\u00f1o que viene habr\u00e1 normalidad y que no llevaremos mascarillas. A pesar de ello, nos propuso a seguir lav\u00e1ndonos bien las manos.<\/p>\n<p>Txipiron, Txipirona:\u00a0 We love you so much. See you next year!<\/p>\n<p>&nbsp;<\/p>\n\n<div class=\"clearfix\"><\/div>","protected":false},"excerpt":{"rendered":"<p>Txipiron, el Rey del Carnaval de Infantil, dio por concluido el Carnaval 21 el pasado viernes 12 de Febrero. Nuestro Rey del&#8230;<\/p>\n","protected":false},"author":1,"featured_media":0,"comment_status":"open","ping_status":"open","sticky":false,"template":"","format":"standard","meta":{"footnotes":""},"categories":[],"tags":[],"class_list":["post-16149","post","type-post","status-publish","format-standard","hentry"],"_links":{"self":[{"href":"https:\/\/www.urkide.org\/en\/wp-json\/wp\/v2\/posts\/16149","targetHints":{"allow":["GET"]}}],"collection":[{"href":"https:\/\/www.urkide.org\/en\/wp-json\/wp\/v2\/posts"}],"about":[{"href":"https:\/\/www.urkide.org\/en\/wp-json\/wp\/v2\/types\/post"}],"author":[{"embeddable":true,"href":"https:\/\/www.urkide.org\/en\/wp-json\/wp\/v2\/users\/1"}],"replies":[{"embeddable":true,"href":"https:\/\/www.urkide.org\/en\/wp-json\/wp\/v2\/comments?post=16149"}],"version-history":[{"count":0,"href":"https:\/\/www.urkide.org\/en\/wp-json\/wp\/v2\/posts\/16149\/revisions"}],"wp:attachment":[{"href":"https:\/\/www.urkide.org\/en\/wp-json\/wp\/v2\/media?parent=16149"}],"wp:term":[{"taxonomy":"category","embeddable":true,"href":"https:\/\/www.urkide.org\/en\/wp-json\/wp\/v2\/categories?post=16149"},{"taxonomy":"post_tag","embeddable":true,"href":"https:\/\/www.urkide.org\/en\/wp-json\/wp\/v2\/tags?post=16149"}],"curies":[{"name":"wp","href":"https:\/\/api.w.org\/{rel}","templated":true}]}}