{"id":16151,"date":"2023-01-24T10:56:01","date_gmt":"2023-01-24T10:56:01","guid":{"rendered":"https:\/\/www.urkide.org\/intercambio-virtual\/"},"modified":"2023-01-24T10:56:01","modified_gmt":"2023-01-24T10:56:01","slug":"intercambio-virtual","status":"publish","type":"post","link":"https:\/\/www.urkide.org\/en\/intercambio-virtual\/","title":{"rendered":"Intercambio virtual"},"content":{"rendered":"<p>Este a\u00f1o y el pasado, debido a la situaci\u00f3n generada por el Covid, no hemos podido realizar el\u00a0intercambio que llevamos a\u00f1os realizando con el colegio alem\u00e1n Gil-Gymnasium im Loekamp. Para<br \/>\npoder seguir disfrutando y aprendiendo de esta experiencia, hemos decidido hacerla de manera<br \/>\n&#8220;virtual&#8221; y aprovechando las diversas tecnolog\u00edas, en 1o y 2o de bachiller estamos realizando peque\u00f1os proyectos con nuestros amigos alemanes, para no s\u00f3lo practicar el idioma, si no tambi\u00e9n<br \/>\npara conocer m\u00e1s su cultura, costumbres&#8230;<br \/>\nEstamos disfrutando mucho de esta diferente manera de intercambio.<\/p>\n<p><a href=\"http:\/\/www.urkide.org\/wp-content\/uploads\/2021\/03\/foto-2\u00ba-Bach-min.jpg\"><img loading=\"lazy\" decoding=\"async\" class=\"size-medium wp-image-5811 alignleft\" src=\"http:\/\/www.urkide.org\/wp-content\/uploads\/2021\/03\/foto-2\u00ba-Bach-min-300x225.jpg\" alt=\"\" width=\"300\" height=\"225\" \/><\/a><\/p>\n<p><a href=\"http:\/\/www.urkide.org\/wp-content\/uploads\/2021\/03\/foto-1\u00ba-Bach.jpg\"><img loading=\"lazy\" decoding=\"async\" class=\"size-medium wp-image-5810 alignright\" src=\"http:\/\/www.urkide.org\/wp-content\/uploads\/2021\/03\/foto-1\u00ba-Bach-300x225.jpg\" alt=\"\" width=\"300\" height=\"225\" \/><\/a><\/p>\n<p>&nbsp;<\/p>\n<p>&nbsp;<\/p>\n<p>&nbsp;<\/p>\n<p>&nbsp;<\/p>\n<p>&nbsp;<\/p>\n<p>&nbsp;<\/p>\n<p style=\"text-align: center;\"><iframe loading=\"lazy\" src=\"\/\/www.youtube.com\/embed\/woX1xfWCqnM\" width=\"560\" height=\"314\" allowfullscreen=\"allowfullscreen\"><\/iframe><\/p>\n<p>&nbsp;<\/p>\n<div class=\"clearfix\"><\/div>","protected":false},"excerpt":{"rendered":"<p>Este a\u00f1o y el pasado, debido a la situaci\u00f3n generada por el Covid, no hemos podido realizar el\u00a0intercambio que llevamos a\u00f1os realizando&#8230;<\/p>\n","protected":false},"author":1,"featured_media":0,"comment_status":"open","ping_status":"open","sticky":false,"template":"","format":"standard","meta":{"footnotes":""},"categories":[],"tags":[],"class_list":["post-16151","post","type-post","status-publish","format-standard","hentry"],"_links":{"self":[{"href":"https:\/\/www.urkide.org\/en\/wp-json\/wp\/v2\/posts\/16151","targetHints":{"allow":["GET"]}}],"collection":[{"href":"https:\/\/www.urkide.org\/en\/wp-json\/wp\/v2\/posts"}],"about":[{"href":"https:\/\/www.urkide.org\/en\/wp-json\/wp\/v2\/types\/post"}],"author":[{"embeddable":true,"href":"https:\/\/www.urkide.org\/en\/wp-json\/wp\/v2\/users\/1"}],"replies":[{"embeddable":true,"href":"https:\/\/www.urkide.org\/en\/wp-json\/wp\/v2\/comments?post=16151"}],"version-history":[{"count":0,"href":"https:\/\/www.urkide.org\/en\/wp-json\/wp\/v2\/posts\/16151\/revisions"}],"wp:attachment":[{"href":"https:\/\/www.urkide.org\/en\/wp-json\/wp\/v2\/media?parent=16151"}],"wp:term":[{"taxonomy":"category","embeddable":true,"href":"https:\/\/www.urkide.org\/en\/wp-json\/wp\/v2\/categories?post=16151"},{"taxonomy":"post_tag","embeddable":true,"href":"https:\/\/www.urkide.org\/en\/wp-json\/wp\/v2\/tags?post=16151"}],"curies":[{"name":"wp","href":"https:\/\/api.w.org\/{rel}","templated":true}]}}