{"id":16175,"date":"2023-01-24T10:56:05","date_gmt":"2023-01-24T10:56:05","guid":{"rendered":"https:\/\/www.urkide.org\/vii-vuelta-al-cole\/"},"modified":"2023-01-24T10:56:05","modified_gmt":"2023-01-24T10:56:05","slug":"vii-vuelta-al-cole","status":"publish","type":"post","link":"https:\/\/www.urkide.org\/en\/vii-vuelta-al-cole\/","title":{"rendered":"VII Vuelta al cole"},"content":{"rendered":"<p>El pasado viernes 19 de noviembre educaci\u00f3n primaria tom\u00f3 parte en la s\u00e9ptima edici\u00f3n de la &#8220;Vuelta al cole&#8221; con el objetivo de recaudar fondos para ayudar en la investigaci\u00f3n de la leucemia\u00a0infantil.<\/p>\n<p>Entre todos recaudamos 635\u20ac que ya han sido donados a la fundaci\u00f3n &#8220;unoentrecienmil&#8221;.<\/p>\n<p>\u00a1Muchas gracias a todos!<\/p>\n<p>&nbsp;<\/p>\n<p><img loading=\"lazy\" decoding=\"async\" class=\"alignnone size-medium wp-image-6468\" src=\"http:\/\/www.urkide.org\/wp-content\/uploads\/2021\/11\/foto2-300x210.jpg\" alt=\"\" width=\"300\" height=\"210\" \/><\/p>\n<div class=\"clearfix\"><\/div>","protected":false},"excerpt":{"rendered":"<p>El pasado viernes 19 de noviembre educaci\u00f3n primaria tom\u00f3 parte en la s\u00e9ptima edici\u00f3n de la &#8220;Vuelta al cole&#8221; con el objetivo&#8230;<\/p>\n","protected":false},"author":1,"featured_media":0,"comment_status":"open","ping_status":"open","sticky":false,"template":"","format":"standard","meta":{"footnotes":""},"categories":[],"tags":[],"class_list":["post-16175","post","type-post","status-publish","format-standard","hentry"],"_links":{"self":[{"href":"https:\/\/www.urkide.org\/en\/wp-json\/wp\/v2\/posts\/16175","targetHints":{"allow":["GET"]}}],"collection":[{"href":"https:\/\/www.urkide.org\/en\/wp-json\/wp\/v2\/posts"}],"about":[{"href":"https:\/\/www.urkide.org\/en\/wp-json\/wp\/v2\/types\/post"}],"author":[{"embeddable":true,"href":"https:\/\/www.urkide.org\/en\/wp-json\/wp\/v2\/users\/1"}],"replies":[{"embeddable":true,"href":"https:\/\/www.urkide.org\/en\/wp-json\/wp\/v2\/comments?post=16175"}],"version-history":[{"count":0,"href":"https:\/\/www.urkide.org\/en\/wp-json\/wp\/v2\/posts\/16175\/revisions"}],"wp:attachment":[{"href":"https:\/\/www.urkide.org\/en\/wp-json\/wp\/v2\/media?parent=16175"}],"wp:term":[{"taxonomy":"category","embeddable":true,"href":"https:\/\/www.urkide.org\/en\/wp-json\/wp\/v2\/categories?post=16175"},{"taxonomy":"post_tag","embeddable":true,"href":"https:\/\/www.urkide.org\/en\/wp-json\/wp\/v2\/tags?post=16175"}],"curies":[{"name":"wp","href":"https:\/\/api.w.org\/{rel}","templated":true}]}}