{"id":16179,"date":"2023-01-24T10:56:07","date_gmt":"2023-01-24T10:56:07","guid":{"rendered":"https:\/\/www.urkide.org\/sello-efr\/"},"modified":"2023-01-24T10:56:07","modified_gmt":"2023-01-24T10:56:07","slug":"sello-efr","status":"publish","type":"post","link":"https:\/\/www.urkide.org\/en\/sello-efr\/","title":{"rendered":"Sello EFR"},"content":{"rendered":"<p>En fechas recientes el colegio ha renovado con \u00e9xito su sello EFR, que le acredita como Empresa Familiarmente Responsable. Son ya m\u00e1s de 10 a\u00f1os desde la primera evaluaci\u00f3n externa lo que nos convierte en una de las organizaciones con m\u00e1s tiempo certificada y el centro educativo de todo el estado con mayor trayectoria en este modelo.<br \/>\nEn esta \u00faltima certificaci\u00f3n se destaca de Urkide:<br \/>\n\u201cLa cultura EFR de URKIDE (cercan\u00eda, flexibilidad, innovaci\u00f3n, cuidado de las personas y protecci\u00f3n del empleo) favorece la relaci\u00f3n entre las personas y mejora la motivaci\u00f3n e implicaci\u00f3n del personal\u201d.<br \/>\n\u201cLos canales de comunicaci\u00f3n que Urkide tiene abiertos con sus familias, favorecen la comunicaci\u00f3n y son bien valorados (Familias coordinadoras de aula, INIKA, Consejo Escolar, AMPA&#8230;)\u201d.<br \/>\n\u201cURKIDE es reconocido tanto en el sector educativo como en otros sectores por su esp\u00edritu innovador y se posiciona como referente de buenas pr\u00e1cticas en conciliaci\u00f3n\u201d.<br \/>\n\u201cExisten numerosas evidencias del impacto en sociedad que tiene el URKIDE y su orgullo y despliegue de la iniciativa EFR\u201d.<br \/>\n\u201cSe evidencia en las entrevistas con las familias, el alto grado de satisfacci\u00f3n con el cole y el compromiso de este con sus alumnos\u201d.<br \/>\n\u201cRespecto a las personas, destaca la sensaci\u00f3n de cari\u00f1o entre todos los miembros de la plantilla que favorece el buen clima laboral\u201d.<\/p>\n<p>La fundaci\u00f3n MasFamilia, organizaci\u00f3n responsable del modelo EFR, destaca a Urkide como un caso de \u00e9xito en todo lo relacionado con \u201cla verdadera conciliaci\u00f3n\u201d.<br \/>\nAdjuntamos el enlace para poder ampliar esta informaci\u00f3n<br \/>\n<a href=\"https:\/\/www.masfamilia.org\/blog\/casos-de-exito-efr-colegio-urkide\/\">https:\/\/www.masfamilia.org\/blog\/casos-de-exito-efr-colegio-urkide\/<\/a><\/p>\n<p>Eskerrik asko eta zorionak hezkuntza-komunitate osoari, guztion lanari esker lortutako lorpena baita!!!!!<br \/>\n\u00a1\u00a1\u00a1\u00a1\u00a1\u00a1Gracias y enhorabuena a toda la comunidad educativa, porque es un logro conseguido gracias al trabajo de todos\/as!!!!!!!<\/p>\n<p><img loading=\"lazy\" decoding=\"async\" src=\"http:\/\/www.urkide.org\/wp-content\/uploads\/2021\/12\/foto-EFR-300x122.png\" alt=\"\" width=\"300\" height=\"122\" class=\"alignnone size-medium wp-image-6513\" \/><\/p>\n<div class=\"clearfix\"><\/div>","protected":false},"excerpt":{"rendered":"<p>En fechas recientes el colegio ha renovado con \u00e9xito su sello EFR, que le acredita como Empresa Familiarmente Responsable. Son ya m\u00e1s&#8230;<\/p>\n","protected":false},"author":1,"featured_media":0,"comment_status":"open","ping_status":"open","sticky":false,"template":"","format":"standard","meta":{"footnotes":""},"categories":[],"tags":[],"class_list":["post-16179","post","type-post","status-publish","format-standard","hentry"],"_links":{"self":[{"href":"https:\/\/www.urkide.org\/en\/wp-json\/wp\/v2\/posts\/16179","targetHints":{"allow":["GET"]}}],"collection":[{"href":"https:\/\/www.urkide.org\/en\/wp-json\/wp\/v2\/posts"}],"about":[{"href":"https:\/\/www.urkide.org\/en\/wp-json\/wp\/v2\/types\/post"}],"author":[{"embeddable":true,"href":"https:\/\/www.urkide.org\/en\/wp-json\/wp\/v2\/users\/1"}],"replies":[{"embeddable":true,"href":"https:\/\/www.urkide.org\/en\/wp-json\/wp\/v2\/comments?post=16179"}],"version-history":[{"count":0,"href":"https:\/\/www.urkide.org\/en\/wp-json\/wp\/v2\/posts\/16179\/revisions"}],"wp:attachment":[{"href":"https:\/\/www.urkide.org\/en\/wp-json\/wp\/v2\/media?parent=16179"}],"wp:term":[{"taxonomy":"category","embeddable":true,"href":"https:\/\/www.urkide.org\/en\/wp-json\/wp\/v2\/categories?post=16179"},{"taxonomy":"post_tag","embeddable":true,"href":"https:\/\/www.urkide.org\/en\/wp-json\/wp\/v2\/tags?post=16179"}],"curies":[{"name":"wp","href":"https:\/\/api.w.org\/{rel}","templated":true}]}}