{"id":16191,"date":"2023-01-24T10:56:09","date_gmt":"2023-01-24T10:56:09","guid":{"rendered":"https:\/\/www.urkide.org\/los-100-mejores-colegios-del-periodico-el-mundo\/"},"modified":"2023-01-24T10:56:09","modified_gmt":"2023-01-24T10:56:09","slug":"los-100-mejores-colegios-del-periodico-el-mundo","status":"publish","type":"post","link":"https:\/\/www.urkide.org\/en\/los-100-mejores-colegios-del-periodico-el-mundo\/","title":{"rendered":"Los 100 mejores colegios del peri\u00f3dico &#8220;El Mundo&#8221;"},"content":{"rendered":"<p>Un a\u00f1o m\u00e1s, ayer mi\u00e9rcoles 9 de marzo, el peri\u00f3dico \u201cEl Mundo\u201d ha publicado la lista de los 100 mejores colegios concertados y privados de Espa\u00f1a. En dicha lista aparecemos en el lugar 61 con 84 puntos sobre 100.<\/p>\n<p style=\"text-align: left;\"><strong>Seguimos siendo el primer centro de \u00c1lava y el s\u00e9ptimo de Euskadi.<\/strong><\/p>\n<p style=\"text-align: left;\">Para elaborar el presente listado los colegios que as\u00ed lo desean deben de enviar un extenso dossier en el que se explica la gesti\u00f3n general de cada Centro y las actividades que desarrolla. Con estos documentos elaboran el listado de los mejores centros. El mantenernos en estas posiciones y con estas puntuaciones supone un nuevo reconocimiento a la labor que desarrollamos todos\/as y un nuevo impulso a nuestra forma de trabajar.<br \/><strong>Gracias a todos\/as porque estos reconocimientos no son posibles sin la implicaci\u00f3n y el trabajo conjunto de personal, familias y alumnado.<\/strong><\/p>\n<p>\u00a0<\/p>\n<p style=\"text-align: left;\"><img loading=\"lazy\" decoding=\"async\" class=\"alignnone size-medium wp-image-7700\" src=\"http:\/\/www.urkide.org\/wp-content\/uploads\/2022\/03\/20200305-logo-el-mundo-300x171.jpg\" alt=\"\" width=\"300\" height=\"171\" \/><\/p>\n<p style=\"text-align: left;\">\n<div class=\"clearfix\"><\/div>","protected":false},"excerpt":{"rendered":"<p>Un a\u00f1o m\u00e1s, ayer mi\u00e9rcoles 9 de marzo, el peri\u00f3dico \u201cEl Mundo\u201d ha publicado la lista de los 100 mejores colegios concertados&#8230;<\/p>\n","protected":false},"author":1,"featured_media":0,"comment_status":"open","ping_status":"open","sticky":false,"template":"","format":"standard","meta":{"footnotes":""},"categories":[],"tags":[],"class_list":["post-16191","post","type-post","status-publish","format-standard","hentry"],"_links":{"self":[{"href":"https:\/\/www.urkide.org\/en\/wp-json\/wp\/v2\/posts\/16191","targetHints":{"allow":["GET"]}}],"collection":[{"href":"https:\/\/www.urkide.org\/en\/wp-json\/wp\/v2\/posts"}],"about":[{"href":"https:\/\/www.urkide.org\/en\/wp-json\/wp\/v2\/types\/post"}],"author":[{"embeddable":true,"href":"https:\/\/www.urkide.org\/en\/wp-json\/wp\/v2\/users\/1"}],"replies":[{"embeddable":true,"href":"https:\/\/www.urkide.org\/en\/wp-json\/wp\/v2\/comments?post=16191"}],"version-history":[{"count":0,"href":"https:\/\/www.urkide.org\/en\/wp-json\/wp\/v2\/posts\/16191\/revisions"}],"wp:attachment":[{"href":"https:\/\/www.urkide.org\/en\/wp-json\/wp\/v2\/media?parent=16191"}],"wp:term":[{"taxonomy":"category","embeddable":true,"href":"https:\/\/www.urkide.org\/en\/wp-json\/wp\/v2\/categories?post=16191"},{"taxonomy":"post_tag","embeddable":true,"href":"https:\/\/www.urkide.org\/en\/wp-json\/wp\/v2\/tags?post=16191"}],"curies":[{"name":"wp","href":"https:\/\/api.w.org\/{rel}","templated":true}]}}