{"id":16192,"date":"2023-01-24T10:56:09","date_gmt":"2023-01-24T10:56:09","guid":{"rendered":"https:\/\/www.urkide.org\/tseas-urkide-circus\/"},"modified":"2023-01-24T10:56:09","modified_gmt":"2023-01-24T10:56:09","slug":"tseas-urkide-circus","status":"publish","type":"post","link":"https:\/\/www.urkide.org\/en\/tseas-urkide-circus\/","title":{"rendered":"&#8220;TSEAS URKIDE CIRCUS&#8221;"},"content":{"rendered":"<\/p>\n<p>Siguiendo con las actividades programadas en torno al proyecto del circo, el pasado 24 de marzo los ni\u00f1os y ni\u00f1as de Ed. Infantil asistieron a un espect\u00e1culo preparado por el alumnado de TSEAS (T\u00e9cnico\/a superior en Ense\u00f1anza y Animaci\u00f3n Sociodeportiva).<\/p>\n<p>Todos\/as, grandes y peque\u00f1os\/as, disfrutamos mucho con la actividad.<\/p>\n<div class=\"clearfix\"><\/div>","protected":false},"excerpt":{"rendered":"<p>Siguiendo con las actividades programadas en torno al proyecto del circo, el pasado 24 de marzo los ni\u00f1os y ni\u00f1as de Ed&#8230;.<\/p>\n","protected":false},"author":1,"featured_media":0,"comment_status":"open","ping_status":"open","sticky":false,"template":"","format":"standard","meta":{"footnotes":""},"categories":[],"tags":[],"class_list":["post-16192","post","type-post","status-publish","format-standard","hentry"],"_links":{"self":[{"href":"https:\/\/www.urkide.org\/en\/wp-json\/wp\/v2\/posts\/16192","targetHints":{"allow":["GET"]}}],"collection":[{"href":"https:\/\/www.urkide.org\/en\/wp-json\/wp\/v2\/posts"}],"about":[{"href":"https:\/\/www.urkide.org\/en\/wp-json\/wp\/v2\/types\/post"}],"author":[{"embeddable":true,"href":"https:\/\/www.urkide.org\/en\/wp-json\/wp\/v2\/users\/1"}],"replies":[{"embeddable":true,"href":"https:\/\/www.urkide.org\/en\/wp-json\/wp\/v2\/comments?post=16192"}],"version-history":[{"count":0,"href":"https:\/\/www.urkide.org\/en\/wp-json\/wp\/v2\/posts\/16192\/revisions"}],"wp:attachment":[{"href":"https:\/\/www.urkide.org\/en\/wp-json\/wp\/v2\/media?parent=16192"}],"wp:term":[{"taxonomy":"category","embeddable":true,"href":"https:\/\/www.urkide.org\/en\/wp-json\/wp\/v2\/categories?post=16192"},{"taxonomy":"post_tag","embeddable":true,"href":"https:\/\/www.urkide.org\/en\/wp-json\/wp\/v2\/tags?post=16192"}],"curies":[{"name":"wp","href":"https:\/\/api.w.org\/{rel}","templated":true}]}}