{"id":16193,"date":"2023-01-24T10:56:09","date_gmt":"2023-01-24T10:56:09","guid":{"rendered":"https:\/\/www.urkide.org\/circo-hh3\/"},"modified":"2023-01-24T10:56:09","modified_gmt":"2023-01-24T10:56:09","slug":"circo-hh3","status":"publish","type":"post","link":"https:\/\/www.urkide.org\/en\/circo-hh3\/","title":{"rendered":"CIRCO HH3"},"content":{"rendered":"<\/p>\n<p><span style=\"font-weight: 400;\">Durante estas semanas nos hemos visto viviendo bajo la carpa de un circo. Sobre la pista,\u00a0 ni\u00f1os y ni\u00f1as de infantil han ido creando y construyendo la magia en la que nos hemos visto envueltos en Urkide, guiados por los maestros de ceremonias que no eran sino los profesores.<\/span><\/p>\n<p>\u00a0<\/p>\n<p><span style=\"font-weight: 400;\">Hemos ido descubriendo la historia del circo, el funcionamiento, los artistas que lo construyen\u2026 Lo hemos tra\u00eddo a las aulas y hemos creado nuestro circo de verdad; con ARTISTAS de verdad, llenos de magia e ilusi\u00f3n. Sus grandes protagonistas se han visto acompa\u00f1ados tambi\u00e9n por las familias, quienes con mucha ilusi\u00f3n han venido a presentarnos sus obras o destrezas de circo.<\/span><\/p>\n<p>\u00a0<\/p>\n<p><span style=\"font-weight: 400;\">Gracias a todos hemos construido y nos hemos sentido parte de nuestra historia circense. Para mejorar nuestras habilidades, este viernes\u00a0 los mayores de infantil\u00a0 han visitado la Escuela de Circo Txiribuelta, aprendiendo a jugar con nuestro cuerpo, a usar un trapecio, a ser equilibristas experimentados, a usar las telas cu\u00e1l artista del circo del sol\u2026 \u00a1Hemos vivido el circo!<\/span><\/p>\n<\/p>\n<p><span style=\"font-weight: 400;\">Como dir\u00eda el gran Miliki:\u00a0<\/span><\/p>\n<p><span style=\"font-weight: 400;\">Hab\u00eda una vez un circo<\/span><\/p>\n<p><span style=\"font-weight: 400;\">Que alegraba siempre el coraz\u00f3n<\/span><\/p>\n<p><span style=\"font-weight: 400;\">Lleno de color, un mundo de ilusi\u00f3n<\/span><\/p>\n<p><span style=\"font-weight: 400;\">Pleno de alegr\u00eda y de emoci\u00f3n.<\/span><\/p>\n<\/p>\n<p><span style=\"font-weight: 400;\">Estas palabras reflejan los sentimientos por los que nos hemos sentido invadidos durantes estas semanas. \u00a1Aqu\u00ed os dejamos un pedacito de nuestro ensayo circense. \u00a1Bienvenidos al circo de HH3 de Urkide!<\/span><\/p>\n<div class=\"clearfix\"><\/div>","protected":false},"excerpt":{"rendered":"<p>Durante estas semanas nos hemos visto viviendo bajo la carpa de un circo. Sobre la pista,\u00a0 ni\u00f1os y ni\u00f1as de infantil han&#8230;<\/p>\n","protected":false},"author":1,"featured_media":0,"comment_status":"open","ping_status":"open","sticky":false,"template":"","format":"standard","meta":{"footnotes":""},"categories":[],"tags":[],"class_list":["post-16193","post","type-post","status-publish","format-standard","hentry"],"_links":{"self":[{"href":"https:\/\/www.urkide.org\/en\/wp-json\/wp\/v2\/posts\/16193","targetHints":{"allow":["GET"]}}],"collection":[{"href":"https:\/\/www.urkide.org\/en\/wp-json\/wp\/v2\/posts"}],"about":[{"href":"https:\/\/www.urkide.org\/en\/wp-json\/wp\/v2\/types\/post"}],"author":[{"embeddable":true,"href":"https:\/\/www.urkide.org\/en\/wp-json\/wp\/v2\/users\/1"}],"replies":[{"embeddable":true,"href":"https:\/\/www.urkide.org\/en\/wp-json\/wp\/v2\/comments?post=16193"}],"version-history":[{"count":0,"href":"https:\/\/www.urkide.org\/en\/wp-json\/wp\/v2\/posts\/16193\/revisions"}],"wp:attachment":[{"href":"https:\/\/www.urkide.org\/en\/wp-json\/wp\/v2\/media?parent=16193"}],"wp:term":[{"taxonomy":"category","embeddable":true,"href":"https:\/\/www.urkide.org\/en\/wp-json\/wp\/v2\/categories?post=16193"},{"taxonomy":"post_tag","embeddable":true,"href":"https:\/\/www.urkide.org\/en\/wp-json\/wp\/v2\/tags?post=16193"}],"curies":[{"name":"wp","href":"https:\/\/api.w.org\/{rel}","templated":true}]}}