{"id":16200,"date":"2023-01-24T10:56:10","date_gmt":"2023-01-24T10:56:10","guid":{"rendered":"https:\/\/www.urkide.org\/baserrira-landareak-ikustera-eta-izozkiak-dastatzera-goaz\/"},"modified":"2023-01-24T10:56:10","modified_gmt":"2023-01-24T10:56:10","slug":"baserrira-landareak-ikustera-eta-izozkiak-dastatzera-goaz","status":"publish","type":"post","link":"https:\/\/www.urkide.org\/en\/baserrira-landareak-ikustera-eta-izozkiak-dastatzera-goaz\/","title":{"rendered":"Baserrira, landareak ikustera eta izozkiak dastatzera goaz"},"content":{"rendered":"<p>Llegamos de las vacaciones de Semana Santa y todos los alumnos\/as de Educaci\u00f3n Infantil hemos participado en distintas salidas.<\/p>\n<p>Los del primer curso, hemos visto y tocado un mont\u00f3n de animales: vacas, toros, terneros, gallinas y palomas, conejos y gatos\u2026Lo que m\u00e1s nos ha impactado: \u00a1Qu\u00e9 mal huele en este establo!<\/p>\n<p>Los del segundo curso hemos ido a visitar un vivero, donde reconocemos las flores aprendidas en clase, y otras muchas desconocidas para nosotros\u2026 \u00a1Y qu\u00e9 contentos hemos llegado a casa con nuestra planta!<\/p>\n<p>La vamos a cuidar muy bien, y no se nos va a olvidar regarla. Los del tercer curso hemos aprendido c\u00f3mo se hacen los helados, y como hemos estado muy atentos, nos han dado unos helados para degustar all\u00ed mismo.<\/p>\n<p>Sin duda, lo m\u00e1s divertido ha sido entrar en un igl\u00fa y sentir el intenso fr\u00edo que all\u00ed hac\u00eda. \u00a1Qu\u00e9 suerte hemos tenido con el tiempo, hemos pasado un d\u00eda estupendo!<\/p>\n<p style=\"text-align: center;\"><a href=\"http:\/\/www.urkide.org\/wp-content\/uploads\/2014\/06\/cuadra.jpg\"><img loading=\"lazy\" decoding=\"async\" class=\"aligncenter size-full wp-image-622\" style=\"border: 1px solid black;\" alt=\"cuadra\" src=\"http:\/\/www.urkide.org\/wp-content\/uploads\/2014\/06\/cuadra.jpg\" width=\"327\" height=\"198\" \/><\/a><\/p>\n<p style=\"text-align: center;\"><a href=\"http:\/\/www.urkide.org\/wp-content\/uploads\/2014\/06\/flores.jpg\"><img loading=\"lazy\" decoding=\"async\" class=\"aligncenter size-full wp-image-623\" style=\"border: 1px solid black;\" alt=\"flores\" src=\"http:\/\/www.urkide.org\/wp-content\/uploads\/2014\/06\/flores.jpg\" width=\"271\" height=\"203\" \/><\/a><\/p>\n<p style=\"text-align: center;\"><a href=\"http:\/\/www.urkide.org\/wp-content\/uploads\/2014\/06\/iglu.jpg\"><img loading=\"lazy\" decoding=\"async\" class=\"aligncenter size-full wp-image-624\" style=\"border: 1px solid black;\" alt=\"iglu\" src=\"http:\/\/www.urkide.org\/wp-content\/uploads\/2014\/06\/iglu.jpg\" width=\"266\" height=\"199\" \/><\/a><\/p>\n<div class=\"clearfix\"><\/div>","protected":false},"excerpt":{"rendered":"<p>Llegamos de las vacaciones de Semana Santa y todos los alumnos\/as de Educaci\u00f3n Infantil hemos participado en distintas salidas. Los del primer&#8230;<\/p>\n","protected":false},"author":1,"featured_media":0,"comment_status":"open","ping_status":"open","sticky":false,"template":"","format":"standard","meta":{"footnotes":""},"categories":[],"tags":[],"class_list":["post-16200","post","type-post","status-publish","format-standard","hentry"],"_links":{"self":[{"href":"https:\/\/www.urkide.org\/en\/wp-json\/wp\/v2\/posts\/16200","targetHints":{"allow":["GET"]}}],"collection":[{"href":"https:\/\/www.urkide.org\/en\/wp-json\/wp\/v2\/posts"}],"about":[{"href":"https:\/\/www.urkide.org\/en\/wp-json\/wp\/v2\/types\/post"}],"author":[{"embeddable":true,"href":"https:\/\/www.urkide.org\/en\/wp-json\/wp\/v2\/users\/1"}],"replies":[{"embeddable":true,"href":"https:\/\/www.urkide.org\/en\/wp-json\/wp\/v2\/comments?post=16200"}],"version-history":[{"count":0,"href":"https:\/\/www.urkide.org\/en\/wp-json\/wp\/v2\/posts\/16200\/revisions"}],"wp:attachment":[{"href":"https:\/\/www.urkide.org\/en\/wp-json\/wp\/v2\/media?parent=16200"}],"wp:term":[{"taxonomy":"category","embeddable":true,"href":"https:\/\/www.urkide.org\/en\/wp-json\/wp\/v2\/categories?post=16200"},{"taxonomy":"post_tag","embeddable":true,"href":"https:\/\/www.urkide.org\/en\/wp-json\/wp\/v2\/tags?post=16200"}],"curies":[{"name":"wp","href":"https:\/\/api.w.org\/{rel}","templated":true}]}}