{"id":16206,"date":"2023-01-24T10:56:10","date_gmt":"2023-01-24T10:56:10","guid":{"rendered":"https:\/\/www.urkide.org\/conmemoracion-de-los-derechos-del-nino-a\/"},"modified":"2023-01-24T10:56:10","modified_gmt":"2023-01-24T10:56:10","slug":"conmemoracion-de-los-derechos-del-nino-a","status":"publish","type":"post","link":"https:\/\/www.urkide.org\/en\/conmemoracion-de-los-derechos-del-nino-a\/","title":{"rendered":"Conmemoraci\u00f3n de los Derechos del Ni\u00f1o\/a"},"content":{"rendered":"<div dir=\"ltr\">\n<div>Este a\u00f1o 2014, con motivo del 25 aniversario de la Convenci\u00f3n de los Derechos del Ni\u00f1o por parte de la Asamblea General de Naciones Unidas, j\u00f3venes de Euskadi menores de 18 a\u00f1os tuvimos la oportunidad de reunirnos el 25 de octubre en Bilbao gracias a Unicef, Save the children y Ararteko para debatir, dar nuestra opini\u00f3n y elaborar un manifiesto que recogiera tanto los derechos como los deberes de los ni\u00f1os desde nuestro punto de vista. Cuatro alumnos de 2\u00ba Bachiller de Urkide fuimos acompa\u00f1ados por Eva Silv\u00e1n (portavoz de Save the children y madre del colegio) y participamos en la elaboraci\u00f3n del manifiesto y del siguiente v\u00eddeo que se hizo p\u00fablico el 20 de noviembre en rueda de prensa ( <a title=\"blocked::https:\/\/www.youtube.com\/watch?v=VAXp_5C6fV0\" href=\"https:\/\/www.youtube.com\/watch?v=VAXp_5C6fV0\">https:\/\/www.youtube.com\/watch?v=VAXp_5C6fV0<\/a> ). Esperamos que nuestro trabajo sea de vuestro agrado y ayude a la reflexi\u00f3n.<\/div>\n<p>\u00a0\u00a0\u00a0\u00a0\u00a0\u00a0\u00a0\u00a0\u00a0\u00a0\u00a0\u00a0\u00a0\u00a0\u00a0\u00a0\u00a0\u00a0\u00a0\u00a0\u00a0\u00a0\u00a0\u00a0\u00a0\u00a0\u00a0\u00a0\u00a0\u00a0\u00a0\u00a0\u00a0 <br \/>\u00a0\u00a0\u00a0\u00a0\u00a0\u00a0\u00a0\u00a0\u00a0\u00a0\u00a0\u00a0\u00a0\u00a0\u00a0\u00a0\u00a0\u00a0\u00a0\u00a0\u00a0\u00a0\u00a0\u00a0\u00a0\u00a0\u00a0\u00a0\u00a0\u00a0\u00a0\u00a0 Zuri\u00f1e Garitaonaindia, Jon Aparicio, Silvia Luengo y Tamaya Cadi\u00f1anos.<\/div>\n<div dir=\"ltr\">\u00a0<\/div>\n<div dir=\"ltr\"><a href=\"http:\/\/www.urkide.org\/wp-content\/uploads\/2014\/11\/MANIFIESTO-DE-BILBAO.pdf\">MANIFIESTO DE BILBAO<\/a><\/div>\n<div dir=\"ltr\"><a href=\"http:\/\/www.urkide.org\/wp-content\/uploads\/2014\/11\/BILBOKO-ADIERAZPENA.pdf\">BILBOKO ADIERAZPENA<\/a><\/div>\n<div class=\"clearfix\"><\/div>","protected":false},"excerpt":{"rendered":"<p>Este a\u00f1o 2014, con motivo del 25 aniversario de la Convenci\u00f3n de los Derechos del Ni\u00f1o por parte de la Asamblea General&#8230;<\/p>\n","protected":false},"author":1,"featured_media":0,"comment_status":"open","ping_status":"open","sticky":false,"template":"","format":"standard","meta":{"footnotes":""},"categories":[],"tags":[],"class_list":["post-16206","post","type-post","status-publish","format-standard","hentry"],"_links":{"self":[{"href":"https:\/\/www.urkide.org\/en\/wp-json\/wp\/v2\/posts\/16206","targetHints":{"allow":["GET"]}}],"collection":[{"href":"https:\/\/www.urkide.org\/en\/wp-json\/wp\/v2\/posts"}],"about":[{"href":"https:\/\/www.urkide.org\/en\/wp-json\/wp\/v2\/types\/post"}],"author":[{"embeddable":true,"href":"https:\/\/www.urkide.org\/en\/wp-json\/wp\/v2\/users\/1"}],"replies":[{"embeddable":true,"href":"https:\/\/www.urkide.org\/en\/wp-json\/wp\/v2\/comments?post=16206"}],"version-history":[{"count":0,"href":"https:\/\/www.urkide.org\/en\/wp-json\/wp\/v2\/posts\/16206\/revisions"}],"wp:attachment":[{"href":"https:\/\/www.urkide.org\/en\/wp-json\/wp\/v2\/media?parent=16206"}],"wp:term":[{"taxonomy":"category","embeddable":true,"href":"https:\/\/www.urkide.org\/en\/wp-json\/wp\/v2\/categories?post=16206"},{"taxonomy":"post_tag","embeddable":true,"href":"https:\/\/www.urkide.org\/en\/wp-json\/wp\/v2\/tags?post=16206"}],"curies":[{"name":"wp","href":"https:\/\/api.w.org\/{rel}","templated":true}]}}