{"id":16214,"date":"2023-01-24T10:56:12","date_gmt":"2023-01-24T10:56:12","guid":{"rendered":"https:\/\/www.urkide.org\/fiesta-de-navidad-sanfilippo\/"},"modified":"2023-01-24T10:56:12","modified_gmt":"2023-01-24T10:56:12","slug":"fiesta-de-navidad-sanfilippo","status":"publish","type":"post","link":"https:\/\/www.urkide.org\/en\/fiesta-de-navidad-sanfilippo\/","title":{"rendered":"Fiesta de navidad Sanfilippo"},"content":{"rendered":"<div dir=\"ltr\">\n<div class=\"gmail_quote\">\n<div>\n<div dir=\"ltr\">\n<div>\n<div dir=\"ltr\">\n<div>\n<div dir=\"ltr\">\n<div dir=\"ltr\">\n<div dir=\"ltr\">\n<div dir=\"ltr\">\n<div>\n<div dir=\"ltr\">\n<div>El pr\u00f3ximo s\u00e1bado 27 de diciembre de 18:00 a 19:15h se celebrar\u00e1 en el Aula Fundaci\u00f3n Obra social de Dendaraba \u00a0un <strong>show<\/strong> <b>m\u00e1gico de Navidad<\/b> donde esperaremos la llegada de \u00a0los<b> Reyes Magos , Olentzero, Ratoncito P\u00e9rez <\/b>y viviremos momentos llenos de magia cantando y bailando a ritmo de Carnaval, Halloween, celebrando los cumplea\u00f1os y muchas m\u00e1s sorpresas en una tarde en familia inolvidable \u00a0en favor de los ni\u00f1os con S\u00edndrome Sanfilippo. El donativo de la entrada es de 5 euros \u00edntegros para la enfermedad.<\/div>\n<div>\u00a0<\/div>\n<div><a href=\"http:\/\/www.urkide.org\/wp-content\/uploads\/2014\/12\/San-filippo-cartel.jpg\"><img loading=\"lazy\" decoding=\"async\" class=\"aligncenter wp-image-1119\" src=\"http:\/\/www.urkide.org\/wp-content\/uploads\/2014\/12\/San-filippo-cartel-682x1024.jpg\" alt=\"San filippo cartel\" width=\"480\" height=\"720\" \/><\/a><\/div>\n<\/div>\n<\/div>\n<\/div>\n<\/div>\n<\/div>\n<\/div>\n<\/div>\n<\/div>\n<\/div>\n<\/div>\n<\/div>\n<\/div>\n<\/div>\n<div class=\"clearfix\"><\/div>","protected":false},"excerpt":{"rendered":"<p>El pr\u00f3ximo s\u00e1bado 27 de diciembre de 18:00 a 19:15h se celebrar\u00e1 en el Aula Fundaci\u00f3n Obra social de Dendaraba \u00a0un show&#8230;<\/p>\n","protected":false},"author":1,"featured_media":0,"comment_status":"open","ping_status":"open","sticky":false,"template":"","format":"standard","meta":{"footnotes":""},"categories":[],"tags":[],"class_list":["post-16214","post","type-post","status-publish","format-standard","hentry"],"_links":{"self":[{"href":"https:\/\/www.urkide.org\/en\/wp-json\/wp\/v2\/posts\/16214","targetHints":{"allow":["GET"]}}],"collection":[{"href":"https:\/\/www.urkide.org\/en\/wp-json\/wp\/v2\/posts"}],"about":[{"href":"https:\/\/www.urkide.org\/en\/wp-json\/wp\/v2\/types\/post"}],"author":[{"embeddable":true,"href":"https:\/\/www.urkide.org\/en\/wp-json\/wp\/v2\/users\/1"}],"replies":[{"embeddable":true,"href":"https:\/\/www.urkide.org\/en\/wp-json\/wp\/v2\/comments?post=16214"}],"version-history":[{"count":0,"href":"https:\/\/www.urkide.org\/en\/wp-json\/wp\/v2\/posts\/16214\/revisions"}],"wp:attachment":[{"href":"https:\/\/www.urkide.org\/en\/wp-json\/wp\/v2\/media?parent=16214"}],"wp:term":[{"taxonomy":"category","embeddable":true,"href":"https:\/\/www.urkide.org\/en\/wp-json\/wp\/v2\/categories?post=16214"},{"taxonomy":"post_tag","embeddable":true,"href":"https:\/\/www.urkide.org\/en\/wp-json\/wp\/v2\/tags?post=16214"}],"curies":[{"name":"wp","href":"https:\/\/api.w.org\/{rel}","templated":true}]}}