{"id":16249,"date":"2023-01-24T10:56:20","date_gmt":"2023-01-24T10:56:20","guid":{"rendered":"https:\/\/www.urkide.org\/abrete-urkide-gure-artean-dramatizacion\/"},"modified":"2023-01-24T10:56:20","modified_gmt":"2023-01-24T10:56:20","slug":"abrete-urkide-gure-artean-dramatizacion","status":"publish","type":"post","link":"https:\/\/www.urkide.org\/en\/abrete-urkide-gure-artean-dramatizacion\/","title":{"rendered":"\u00c1brete Urkide &#8211; Gure artean &#8211; Dramatizaci\u00f3n"},"content":{"rendered":"<p>Continuando con el proyecto \u00c1BRETE URKIDE gure ARTEan os invitamos a participar en otra interesante sesi\u00f3n: <b>DRAMATIZACI\u00d3N EN FAMILIA.<\/b> El pr\u00f3ximo mi\u00e9rcoles, 16 de marzo, a las 18.30 horas hemos organizado una sesi\u00f3n especial con Mari Cruz Morales, profesora de Urkide y profesora de dramatizaci\u00f3n de vuestros hijos\/as.<\/p>\n<p>Ser\u00e1 una buena oportunidad para experimentar con el cuerpo, la voz y, sobre todo, con la creatividad y la imaginaci\u00f3n.<\/p>\n<p>Tambi\u00e9n ser\u00e1 un buen momento para \u201cvivir\u201d algunas actividades que realizan vuestros hijos\/as en el aula.<\/p>\n<p>Y, por supuesto, una buena oportunidad para pasar un buen rato juntos (alumnos, profesores y familias).<\/p>\n<p>Dadas las caracter\u00edsticas de la sesi\u00f3n est\u00e1 dirigida a alumnado a partir de 5 a\u00f1os (la guarder\u00eda estar\u00e1 abierta) y para unas 50 personas.<\/p>\n<p>Por tanto, si est\u00e1s interesado\/a escr\u00edbenos un correo a recreate@urkide.org indicando las personas que vendr\u00e9is y las edades. \u00a1\u00a1ANIMAOS!!<\/p>\n<p><a href=\"http:\/\/www.urkide.org\/wp-content\/uploads\/2016\/03\/20160311-Teatro-Euskera.jpg\"><img loading=\"lazy\" decoding=\"async\" class=\"size-medium wp-image-2019 aligncenter\" src=\"http:\/\/www.urkide.org\/wp-content\/uploads\/2016\/03\/20160311-Teatro-Euskera-300x225.jpg\" alt=\"20160311-Teatro-Euskera\" width=\"300\" height=\"225\" \/><\/a><\/p>\n<div class=\"clearfix\"><\/div>","protected":false},"excerpt":{"rendered":"<p>Continuando con el proyecto \u00c1BRETE URKIDE gure ARTEan os invitamos a participar en otra interesante sesi\u00f3n: DRAMATIZACI\u00d3N EN FAMILIA. El pr\u00f3ximo mi\u00e9rcoles,&#8230;<\/p>\n","protected":false},"author":1,"featured_media":0,"comment_status":"open","ping_status":"open","sticky":false,"template":"","format":"standard","meta":{"footnotes":""},"categories":[],"tags":[],"class_list":["post-16249","post","type-post","status-publish","format-standard","hentry"],"_links":{"self":[{"href":"https:\/\/www.urkide.org\/en\/wp-json\/wp\/v2\/posts\/16249","targetHints":{"allow":["GET"]}}],"collection":[{"href":"https:\/\/www.urkide.org\/en\/wp-json\/wp\/v2\/posts"}],"about":[{"href":"https:\/\/www.urkide.org\/en\/wp-json\/wp\/v2\/types\/post"}],"author":[{"embeddable":true,"href":"https:\/\/www.urkide.org\/en\/wp-json\/wp\/v2\/users\/1"}],"replies":[{"embeddable":true,"href":"https:\/\/www.urkide.org\/en\/wp-json\/wp\/v2\/comments?post=16249"}],"version-history":[{"count":0,"href":"https:\/\/www.urkide.org\/en\/wp-json\/wp\/v2\/posts\/16249\/revisions"}],"wp:attachment":[{"href":"https:\/\/www.urkide.org\/en\/wp-json\/wp\/v2\/media?parent=16249"}],"wp:term":[{"taxonomy":"category","embeddable":true,"href":"https:\/\/www.urkide.org\/en\/wp-json\/wp\/v2\/categories?post=16249"},{"taxonomy":"post_tag","embeddable":true,"href":"https:\/\/www.urkide.org\/en\/wp-json\/wp\/v2\/tags?post=16249"}],"curies":[{"name":"wp","href":"https:\/\/api.w.org\/{rel}","templated":true}]}}