{"id":16260,"date":"2023-01-24T10:56:22","date_gmt":"2023-01-24T10:56:22","guid":{"rendered":"https:\/\/www.urkide.org\/cicae-visita-urkide\/"},"modified":"2023-01-24T10:56:22","modified_gmt":"2023-01-24T10:56:22","slug":"cicae-visita-urkide","status":"publish","type":"post","link":"https:\/\/www.urkide.org\/en\/cicae-visita-urkide\/","title":{"rendered":"CICAE visita Urkide"},"content":{"rendered":"<p style=\"text-align: center;\"><a href=\"http:\/\/www.urkide.org\/wp-content\/uploads\/2016\/12\/Imagen1.png\"><img loading=\"lazy\" decoding=\"async\" class=\"alignnone size-full wp-image-2682\" src=\"http:\/\/www.urkide.org\/wp-content\/uploads\/2016\/12\/Imagen1.png\" alt=\"imagen1\" width=\"407\" height=\"124\" \/><\/a><\/p>\n<p style=\"text-align: justify;\">La asociaci\u00f3n de colegios privados e independientes, CICAE, visit\u00f3 el colegio Urkide el pasado viernes, 25 de noviembre.\u00a0Se puede consultar el programa haciendo click en <a href=\"http:\/\/www.urkide.org\/wp-content\/uploads\/2016\/12\/Programa.pdf\">este enlace<\/a>.<\/p>\n<p style=\"text-align: justify;\">M\u00e1s de 40 directores, coordinadores y responsables de colegios de toda Espa\u00f1a pasaron todo el d\u00eda con nosotros a fin de conocer nuestros proyectos, nuestra forma de trabajar, nuestras buenas pr\u00e1cticas y sobre todo para compartir conocimiento mutuo.<\/p>\n<p style=\"text-align: justify;\">Esta visita forma parte de las Jornadas de Benchmarking que realizan todos los a\u00f1os a los mejores colegios de cada Comunidad Aut\u00f3noma. Este a\u00f1o han recalado en el Pa\u00eds Vasco y han querido visitar el Colegio Vizcaya y el Colegio Urkide.<\/p>\n<p style=\"text-align: justify;\">Todo un halago por nuestra parte y, la verdad, es que el encuentro fue muy gratificante y enriquecedor.<\/p>\n<p style=\"text-align: justify;\">Gracias, CICAE<\/p>\n<p><a href=\"http:\/\/www.urkide.org\/wp-content\/uploads\/2016\/12\/Archivo_003.jpeg\"><img loading=\"lazy\" decoding=\"async\" class=\"alignnone size-large wp-image-2669\" src=\"http:\/\/www.urkide.org\/wp-content\/uploads\/2016\/12\/Archivo_003-1024x768.jpeg\" alt=\"archivo_003\" width=\"1024\" height=\"768\" \/><\/a> <a href=\"http:\/\/www.urkide.org\/wp-content\/uploads\/2016\/12\/Archivo_005.jpeg\"><img loading=\"lazy\" decoding=\"async\" class=\"alignnone size-large wp-image-2670\" src=\"http:\/\/www.urkide.org\/wp-content\/uploads\/2016\/12\/Archivo_005-1024x768.jpeg\" alt=\"archivo_005\" width=\"1024\" height=\"768\" \/><\/a> <a href=\"http:\/\/www.urkide.org\/wp-content\/uploads\/2016\/12\/Archivo_007.jpeg\"><img loading=\"lazy\" decoding=\"async\" class=\"alignnone size-large wp-image-2671\" src=\"http:\/\/www.urkide.org\/wp-content\/uploads\/2016\/12\/Archivo_007-1024x768.jpeg\" alt=\"archivo_007\" width=\"1024\" height=\"768\" \/><\/a> <a href=\"http:\/\/www.urkide.org\/wp-content\/uploads\/2016\/12\/Archivo_009.jpeg\"><img loading=\"lazy\" decoding=\"async\" class=\"alignnone size-large wp-image-2672\" src=\"http:\/\/www.urkide.org\/wp-content\/uploads\/2016\/12\/Archivo_009-1024x768.jpeg\" alt=\"archivo_009\" width=\"1024\" height=\"768\" \/><\/a> <a href=\"http:\/\/www.urkide.org\/wp-content\/uploads\/2016\/12\/CyHe7vtXcAE6Fiy.jpg\"><img loading=\"lazy\" decoding=\"async\" class=\"alignnone size-large wp-image-2673\" src=\"http:\/\/www.urkide.org\/wp-content\/uploads\/2016\/12\/CyHe7vtXcAE6Fiy-1024x768.jpg\" alt=\"cyhe7vtxcae6fiy\" width=\"1024\" height=\"768\" \/><\/a> <a href=\"http:\/\/www.urkide.org\/wp-content\/uploads\/2016\/12\/IMG_0281.jpg\"><img loading=\"lazy\" decoding=\"async\" class=\"alignnone size-large wp-image-2674\" src=\"http:\/\/www.urkide.org\/wp-content\/uploads\/2016\/12\/IMG_0281-1024x768.jpg\" alt=\"img_0281\" width=\"1024\" height=\"768\" \/><\/a> <a href=\"http:\/\/www.urkide.org\/wp-content\/uploads\/2016\/12\/IMG_4995.jpg\"><img loading=\"lazy\" decoding=\"async\" class=\"alignnone size-large wp-image-2675\" src=\"http:\/\/www.urkide.org\/wp-content\/uploads\/2016\/12\/IMG_4995-1024x768.jpg\" alt=\"img_4995\" width=\"1024\" height=\"768\" \/><\/a> <a href=\"http:\/\/www.urkide.org\/wp-content\/uploads\/2016\/12\/IMG_5002.jpg\"><img loading=\"lazy\" decoding=\"async\" class=\"alignnone size-large wp-image-2676\" src=\"http:\/\/www.urkide.org\/wp-content\/uploads\/2016\/12\/IMG_5002-1024x768.jpg\" alt=\"img_5002\" width=\"1024\" height=\"768\" \/><\/a><\/p>\n<div class=\"clearfix\"><\/div>","protected":false},"excerpt":{"rendered":"<p>La asociaci\u00f3n de colegios privados e independientes, CICAE, visit\u00f3 el colegio Urkide el pasado viernes, 25 de noviembre.\u00a0Se puede consultar el programa&#8230;<\/p>\n","protected":false},"author":1,"featured_media":0,"comment_status":"open","ping_status":"open","sticky":false,"template":"","format":"standard","meta":{"footnotes":""},"categories":[],"tags":[],"class_list":["post-16260","post","type-post","status-publish","format-standard","hentry"],"_links":{"self":[{"href":"https:\/\/www.urkide.org\/en\/wp-json\/wp\/v2\/posts\/16260","targetHints":{"allow":["GET"]}}],"collection":[{"href":"https:\/\/www.urkide.org\/en\/wp-json\/wp\/v2\/posts"}],"about":[{"href":"https:\/\/www.urkide.org\/en\/wp-json\/wp\/v2\/types\/post"}],"author":[{"embeddable":true,"href":"https:\/\/www.urkide.org\/en\/wp-json\/wp\/v2\/users\/1"}],"replies":[{"embeddable":true,"href":"https:\/\/www.urkide.org\/en\/wp-json\/wp\/v2\/comments?post=16260"}],"version-history":[{"count":0,"href":"https:\/\/www.urkide.org\/en\/wp-json\/wp\/v2\/posts\/16260\/revisions"}],"wp:attachment":[{"href":"https:\/\/www.urkide.org\/en\/wp-json\/wp\/v2\/media?parent=16260"}],"wp:term":[{"taxonomy":"category","embeddable":true,"href":"https:\/\/www.urkide.org\/en\/wp-json\/wp\/v2\/categories?post=16260"},{"taxonomy":"post_tag","embeddable":true,"href":"https:\/\/www.urkide.org\/en\/wp-json\/wp\/v2\/tags?post=16260"}],"curies":[{"name":"wp","href":"https:\/\/api.w.org\/{rel}","templated":true}]}}