{"id":16297,"date":"2023-01-24T10:56:28","date_gmt":"2023-01-24T10:56:28","guid":{"rendered":"https:\/\/www.urkide.org\/segunda-parte-del-libro-los-chistes-como-herramienta-para-fomentar-la-expresion-oral\/"},"modified":"2023-01-24T10:56:28","modified_gmt":"2023-01-24T10:56:28","slug":"segunda-parte-del-libro-los-chistes-como-herramienta-para-fomentar-la-expresion-oral","status":"publish","type":"post","link":"https:\/\/www.urkide.org\/en\/segunda-parte-del-libro-los-chistes-como-herramienta-para-fomentar-la-expresion-oral\/","title":{"rendered":"Segunda parte del libro &#8220;Los chistes como herramienta para fomentar la expresi\u00f3n oral&#8221;"},"content":{"rendered":"<p>Editada la segunda parte del libro: <strong>\u201cLos chistes como herramienta para fomentar la expresi\u00f3n oral\u201d.<\/strong> El autor es F\u00e9lix S\u00e1enz de Ugarte, profesor del Colegio.<\/p>\n<p>Este libro es una recopilaci\u00f3n de chistes pensados para\u00a0 mentes \u201cj\u00f3venes\u201d (de cualquier edad, de 0 a 120 a\u00f1os),\u00a0 sencillos, \u201cblancos\u201d y adaptados para que aparezcan dos personajes manteniendo un di\u00e1logo.<\/p>\n<p><a href=\"http:\/\/www.urkide.org\/wp-content\/uploads\/2017\/06\/20170628-Libro-Chistes.jpg\"><img loading=\"lazy\" decoding=\"async\" class=\"aligncenter size-medium wp-image-3150\" src=\"http:\/\/www.urkide.org\/wp-content\/uploads\/2017\/06\/20170628-Libro-Chistes-300x194.jpg\" alt=\"\" width=\"300\" height=\"194\" \/><\/a><\/p>\n<p>Adem\u00e1s de mejorar la expresi\u00f3n oral pueden ayudar al <strong><u>fomento de la lectura,<\/u><\/strong> al <strong><u>entrenamiento del cerebro y a mejorar la autoestima<\/u><\/strong> sin olvidar los beneficios de <strong><u>la risa en la salud<\/u><\/strong>. Varios estudios han demostrado que al re\u00edrnos liberamos endorfinas, \u201cmedicamento\u201d natural que nos ayuda a combatir, entre otras cosas, el\u00a0 dolor y el estr\u00e9s y nos produce una sensaci\u00f3n r\u00e1pida de energ\u00eda y bienestar general.<\/p>\n<div class=\"clearfix\"><\/div>","protected":false},"excerpt":{"rendered":"<p>Editada la segunda parte del libro: \u201cLos chistes como herramienta para fomentar la expresi\u00f3n oral\u201d. El autor es F\u00e9lix S\u00e1enz de Ugarte,&#8230;<\/p>\n","protected":false},"author":1,"featured_media":0,"comment_status":"open","ping_status":"open","sticky":false,"template":"","format":"standard","meta":{"footnotes":""},"categories":[],"tags":[],"class_list":["post-16297","post","type-post","status-publish","format-standard","hentry"],"_links":{"self":[{"href":"https:\/\/www.urkide.org\/en\/wp-json\/wp\/v2\/posts\/16297","targetHints":{"allow":["GET"]}}],"collection":[{"href":"https:\/\/www.urkide.org\/en\/wp-json\/wp\/v2\/posts"}],"about":[{"href":"https:\/\/www.urkide.org\/en\/wp-json\/wp\/v2\/types\/post"}],"author":[{"embeddable":true,"href":"https:\/\/www.urkide.org\/en\/wp-json\/wp\/v2\/users\/1"}],"replies":[{"embeddable":true,"href":"https:\/\/www.urkide.org\/en\/wp-json\/wp\/v2\/comments?post=16297"}],"version-history":[{"count":0,"href":"https:\/\/www.urkide.org\/en\/wp-json\/wp\/v2\/posts\/16297\/revisions"}],"wp:attachment":[{"href":"https:\/\/www.urkide.org\/en\/wp-json\/wp\/v2\/media?parent=16297"}],"wp:term":[{"taxonomy":"category","embeddable":true,"href":"https:\/\/www.urkide.org\/en\/wp-json\/wp\/v2\/categories?post=16297"},{"taxonomy":"post_tag","embeddable":true,"href":"https:\/\/www.urkide.org\/en\/wp-json\/wp\/v2\/tags?post=16297"}],"curies":[{"name":"wp","href":"https:\/\/api.w.org\/{rel}","templated":true}]}}