{"id":16347,"date":"2023-01-24T10:56:38","date_gmt":"2023-01-24T10:56:38","guid":{"rendered":"https:\/\/www.urkide.org\/urkide-en-el-congreso-de-uecoe\/"},"modified":"2023-01-24T10:56:38","modified_gmt":"2023-01-24T10:56:38","slug":"urkide-en-el-congreso-de-uecoe","status":"publish","type":"post","link":"https:\/\/www.urkide.org\/en\/urkide-en-el-congreso-de-uecoe\/","title":{"rendered":"Urkide en el Congreso de UECoE"},"content":{"rendered":"<\/p>\n<p>La semana pasada el director del Colegio, Aitor P\u00e9rez de San Rom\u00e1n, y el responsable de calidad, F\u00e9lix S\u00e1enz de Ugarte, participaron como ponentes en el XIX Congreso de UECoE &#8211; Cooperativas de Ense\u00f1anza.<\/p>\n<p>All\u00ed, presentaron dos de los proyectos que se llevan a cabo en el Colegio: por un lado, el que hace referencia a c\u00f3mo trabajar mediante los chistes la expresi\u00f3n oral en el primer ciclo de Educaci\u00f3n Primaria y, por otro lado, Rekrea enfocado a potenciar de manera sistem\u00e1tica, en el aula ordinaria, la creatividad de nuestro alumnado.<\/p>\n<p>Una vez m\u00e1s, una excelente experiencia por poder compartir y aprender de otros.<\/p>\n\n<p>\u00a0<\/p>\n<div class=\"clearfix\"><\/div>","protected":false},"excerpt":{"rendered":"<p>La semana pasada el director del Colegio, Aitor P\u00e9rez de San Rom\u00e1n, y el responsable de calidad, F\u00e9lix S\u00e1enz de Ugarte, participaron&#8230;<\/p>\n","protected":false},"author":1,"featured_media":0,"comment_status":"open","ping_status":"open","sticky":false,"template":"","format":"standard","meta":{"footnotes":""},"categories":[],"tags":[],"class_list":["post-16347","post","type-post","status-publish","format-standard","hentry"],"_links":{"self":[{"href":"https:\/\/www.urkide.org\/en\/wp-json\/wp\/v2\/posts\/16347","targetHints":{"allow":["GET"]}}],"collection":[{"href":"https:\/\/www.urkide.org\/en\/wp-json\/wp\/v2\/posts"}],"about":[{"href":"https:\/\/www.urkide.org\/en\/wp-json\/wp\/v2\/types\/post"}],"author":[{"embeddable":true,"href":"https:\/\/www.urkide.org\/en\/wp-json\/wp\/v2\/users\/1"}],"replies":[{"embeddable":true,"href":"https:\/\/www.urkide.org\/en\/wp-json\/wp\/v2\/comments?post=16347"}],"version-history":[{"count":0,"href":"https:\/\/www.urkide.org\/en\/wp-json\/wp\/v2\/posts\/16347\/revisions"}],"wp:attachment":[{"href":"https:\/\/www.urkide.org\/en\/wp-json\/wp\/v2\/media?parent=16347"}],"wp:term":[{"taxonomy":"category","embeddable":true,"href":"https:\/\/www.urkide.org\/en\/wp-json\/wp\/v2\/categories?post=16347"},{"taxonomy":"post_tag","embeddable":true,"href":"https:\/\/www.urkide.org\/en\/wp-json\/wp\/v2\/tags?post=16347"}],"curies":[{"name":"wp","href":"https:\/\/api.w.org\/{rel}","templated":true}]}}