{"id":18460,"date":"2023-03-09T09:50:24","date_gmt":"2023-03-09T09:50:24","guid":{"rendered":"https:\/\/www.urkide.org\/?p=18460"},"modified":"2023-03-14T09:32:44","modified_gmt":"2023-03-14T09:32:44","slug":"fll-2022-23","status":"publish","type":"post","link":"https:\/\/www.urkide.org\/en\/fll-2022-23\/","title":{"rendered":"FLL 2022-23"},"content":{"rendered":"\n<p>Este pasado s\u00e1bado el equipo de Urkide <strong>\u201cLegokide 1\u201d<\/strong> se proclam\u00f3 <strong>vencedor absoluto,<\/strong> en la sede de Bilbao, <strong>de la fase de Euskadi de la First Lego League (FLL)<\/strong> con el reto de <strong>\u201cSuperpowered\u201d<\/strong>.<\/p>\n\n\n\n<p>Esta victoriales da derecho a participar en la fase estatal que se desarrollar\u00e1 en Cartagena (Murcia) los d\u00edas 25 y 26 de marzo.<\/p>\n\n\n\n<p>El otro equipo del colegio en la categor\u00eda Challenge (de 10 a 16 a\u00f1os), <strong>Legokide 2, no consigui\u00f3 ning\u00fan premio<\/strong>, pero realiz\u00f3 una presentaci\u00f3n muy bien valorada por los jueces por su <strong>creatividad y por la ilusi\u00f3n<\/strong> transmitida por todos los participantes.<\/p>\n\n\n\n<p>Adem\u00e1s, este a\u00f1o tambi\u00e9n particip\u00f3 un equipo en la categor\u00eda Explore (de 6 a 9 a\u00f1os), <strong>Legokids<\/strong>, que <strong>realiz\u00f3 una presentaci\u00f3n llena de magia y creatividad que encanto al jurado y al p\u00fablico presente<\/strong>. En esta categor\u00eda no existe la clasificaci\u00f3n entre los equipos y todos los participantes obtienen el mismo reconocimiento.<\/p>\n\n\n\n<p>En la competici\u00f3n de este a\u00f1o tomaron parte m\u00e1s de 1200 j\u00f3venes de todo Euskadi y el jurado valor\u00f3 el trabajo de Legokide 1 como <strong>el m\u00e1s completo en los apartados de comportamiento del robot, proyecto cient\u00edfico, dise\u00f1o del robot y valores grupales.<\/strong><\/p>\n\n\n\n<p><strong>\u00a1\u00a1Enhorabuena y muchas gracias a los miembros de los tres equipos, a los entrenadores y a las familias que disfrutaron con ellos y ellas de esta experiencia \u00fanica!!<\/strong><\/p>\n\n\n\n<p>Adjuntamos los links de la cobertura en prensa de la noticia.<\/p>\n\n\n\n<p><a href=\"https:\/\/www.gasteizhoy.com\/legokide-first-lego-league\/\" data-type=\"URL\" data-id=\"https:\/\/www.gasteizhoy.com\/legokide-first-lego-league\/\" target=\"_blank\" rel=\"noreferrer noopener\">Noticia en Gasteiz Hoy<\/a><\/p>\n\n\n\n<p><a href=\"https:\/\/www.elcorreo.com\/content-local\/la-energia-protagonizo-la-final-del-first-lego-league-euskadi-universidad-deusto\/\" data-type=\"URL\" data-id=\"https:\/\/www.elcorreo.com\/content-local\/la-energia-protagonizo-la-final-del-first-lego-league-euskadi-universidad-deusto\/\" target=\"_blank\" rel=\"noreferrer noopener\">Noticia en El Correo<\/a><\/p>\n\n\n\n<p><a href=\"https:\/\/www.ondacero.es\/emisoras\/pais-vasco\/vitoria\/mas-de-uno-alava\/colegio-urkide-repite-triunfo-first-lego-league-euskadi_202303066405e8bf58a098000197b87d.html\" data-type=\"URL\" data-id=\"https:\/\/www.ondacero.es\/emisoras\/pais-vasco\/vitoria\/mas-de-uno-alava\/colegio-urkide-repite-triunfo-first-lego-league-euskadi_202303066405e8bf58a098000197b87d.html\" target=\"_blank\" rel=\"noreferrer noopener\">Noticia en Onda Cero<\/a><\/p>\n\n\n\n<p><\/p>\n<div class=\"clearfix\"><\/div>","protected":false},"excerpt":{"rendered":"<p>Este pasado s\u00e1bado el equipo de Urkide \u201cLegokide 1\u201d se proclam\u00f3 vencedor absoluto, en la sede de Bilbao, de la fase de&#8230;<\/p>\n","protected":false},"author":3,"featured_media":18461,"comment_status":"closed","ping_status":"closed","sticky":false,"template":"","format":"standard","meta":{"footnotes":""},"categories":[],"tags":[],"class_list":["post-18460","post","type-post","status-publish","format-standard","has-post-thumbnail","hentry"],"_links":{"self":[{"href":"https:\/\/www.urkide.org\/en\/wp-json\/wp\/v2\/posts\/18460","targetHints":{"allow":["GET"]}}],"collection":[{"href":"https:\/\/www.urkide.org\/en\/wp-json\/wp\/v2\/posts"}],"about":[{"href":"https:\/\/www.urkide.org\/en\/wp-json\/wp\/v2\/types\/post"}],"author":[{"embeddable":true,"href":"https:\/\/www.urkide.org\/en\/wp-json\/wp\/v2\/users\/3"}],"replies":[{"embeddable":true,"href":"https:\/\/www.urkide.org\/en\/wp-json\/wp\/v2\/comments?post=18460"}],"version-history":[{"count":3,"href":"https:\/\/www.urkide.org\/en\/wp-json\/wp\/v2\/posts\/18460\/revisions"}],"predecessor-version":[{"id":18478,"href":"https:\/\/www.urkide.org\/en\/wp-json\/wp\/v2\/posts\/18460\/revisions\/18478"}],"wp:featuredmedia":[{"embeddable":true,"href":"https:\/\/www.urkide.org\/en\/wp-json\/wp\/v2\/media\/18461"}],"wp:attachment":[{"href":"https:\/\/www.urkide.org\/en\/wp-json\/wp\/v2\/media?parent=18460"}],"wp:term":[{"taxonomy":"category","embeddable":true,"href":"https:\/\/www.urkide.org\/en\/wp-json\/wp\/v2\/categories?post=18460"},{"taxonomy":"post_tag","embeddable":true,"href":"https:\/\/www.urkide.org\/en\/wp-json\/wp\/v2\/tags?post=18460"}],"curies":[{"name":"wp","href":"https:\/\/api.w.org\/{rel}","templated":true}]}}